{"id":95505,"date":"2023-04-28T08:29:22","date_gmt":"2023-04-28T11:29:22","guid":{"rendered":"https:\/\/blogdoedvaldomagalhaes.com.br\/?p=95505"},"modified":"2023-04-28T08:29:23","modified_gmt":"2023-04-28T11:29:23","slug":"pm-captura-homemcom-cedulas-falsas","status":"publish","type":"post","link":"https:\/\/blogdoedvaldomagalhaes.com.br\/index.php\/2023\/04\/28\/pm-captura-homemcom-cedulas-falsas\/","title":{"rendered":"PM captura homem<br>com c\u00e9dulas falsas"},"content":{"rendered":"<p style=\"text-align: justify;\"><span style=\"color: initial; font-size: revert;\">Policiais militares do 25\u00ba BPM prenderam, quinta-feira (27\/04), um homem por crime contra a ordem econ\u00f4mica, na Avenida Cleto Campelo, no Centro de Moreno. O efetivo realizava a Opera\u00e7\u00e3o Pernambuco Seguro quando foi informado por populares que um homem magro, de camisa branca e cal\u00e7a jeans azul, estava passando notas de cem reais falsas no com\u00e9rcio.<\/span><\/p>\n<p style=\"text-align: justify;\">Com base nas caracter\u00edsticas repassadas, o suspeito foi identificado em uma loja de acess\u00f3rios, comprando uma capa de celular. Foi feita a abordagem e com ele encontrada a quantia de R$ 421,00, sendo que quatro notas eram falsas. Uma quinta nota estava com a vendedora da loja, que estava providenciando o troco do cliente.<\/p>\n<p style=\"text-align: justify;\">O envolvido tamb\u00e9m estava com um Iphone 7 Plus e foi conduzido para a Pol\u00edcia Federal, onde acabou autuado em flagrante. Foto: Divulga\u00e7\u00e3o\/PMPE.<\/p>\n<p style=\"text-align: justify;\">Siga o Instagram do Blog @blogdoedvaldomagalhaes<\/p>\n","protected":false},"excerpt":{"rendered":"<p>Policiais militares do 25\u00ba BPM prenderam, quinta-feira (27\/04), um homem por crime contra a ordem econ\u00f4mica, na Avenida Cleto Campelo,&hellip;<\/p>\n","protected":false},"author":1,"featured_media":95506,"comment_status":"closed","ping_status":"open","sticky":false,"template":"","format":"standard","meta":{"footnotes":""},"categories":[14121],"tags":[2,19532,3406,27400],"class_list":["post-95505","post","type-post","status-publish","format-standard","has-post-thumbnail","hentry","category-policial","tag-blog-do-edvaldo-magalhaes","tag-blog-mais-acessado-e-visualizado-de-caruaru-e-regiao","tag-caruaru","tag-pm-captura-homem-com-cedulas-falsas"],"_links":{"self":[{"href":"https:\/\/blogdoedvaldomagalhaes.com.br\/index.php\/wp-json\/wp\/v2\/posts\/95505","targetHints":{"allow":["GET"]}}],"collection":[{"href":"https:\/\/blogdoedvaldomagalhaes.com.br\/index.php\/wp-json\/wp\/v2\/posts"}],"about":[{"href":"https:\/\/blogdoedvaldomagalhaes.com.br\/index.php\/wp-json\/wp\/v2\/types\/post"}],"author":[{"embeddable":true,"href":"https:\/\/blogdoedvaldomagalhaes.com.br\/index.php\/wp-json\/wp\/v2\/users\/1"}],"replies":[{"embeddable":true,"href":"https:\/\/blogdoedvaldomagalhaes.com.br\/index.php\/wp-json\/wp\/v2\/comments?post=95505"}],"version-history":[{"count":1,"href":"https:\/\/blogdoedvaldomagalhaes.com.br\/index.php\/wp-json\/wp\/v2\/posts\/95505\/revisions"}],"predecessor-version":[{"id":95507,"href":"https:\/\/blogdoedvaldomagalhaes.com.br\/index.php\/wp-json\/wp\/v2\/posts\/95505\/revisions\/95507"}],"wp:featuredmedia":[{"embeddable":true,"href":"https:\/\/blogdoedvaldomagalhaes.com.br\/index.php\/wp-json\/wp\/v2\/media\/95506"}],"wp:attachment":[{"href":"https:\/\/blogdoedvaldomagalhaes.com.br\/index.php\/wp-json\/wp\/v2\/media?parent=95505"}],"wp:term":[{"taxonomy":"category","embeddable":true,"href":"https:\/\/blogdoedvaldomagalhaes.com.br\/index.php\/wp-json\/wp\/v2\/categories?post=95505"},{"taxonomy":"post_tag","embeddable":true,"href":"https:\/\/blogdoedvaldomagalhaes.com.br\/index.php\/wp-json\/wp\/v2\/tags?post=95505"}],"curies":[{"name":"wp","href":"https:\/\/api.w.org\/{rel}","templated":true}]}}