{"id":95498,"date":"2023-04-27T20:08:53","date_gmt":"2023-04-27T23:08:53","guid":{"rendered":"https:\/\/blogdoedvaldomagalhaes.com.br\/?p=95498"},"modified":"2023-04-27T20:08:54","modified_gmt":"2023-04-27T23:08:54","slug":"governadora-raquel-lyra-e-convidada-pelo-prefeito-rodrigo-pinheiro-para-o-sao-joao-2023-de-caruaru","status":"publish","type":"post","link":"https:\/\/blogdoedvaldomagalhaes.com.br\/index.php\/2023\/04\/27\/governadora-raquel-lyra-e-convidada-pelo-prefeito-rodrigo-pinheiro-para-o-sao-joao-2023-de-caruaru\/","title":{"rendered":"Governadora Raquel Lyra \u00e9 convidada pelo prefeito Rodrigo Pinheiro para o S\u00e3o Jo\u00e3o 2023 de Caruaru"},"content":{"rendered":"<p style=\"text-align: justify;\"><span style=\"color: initial; font-size: revert;\">Prefeito de Caruaru, Rodrigo Pinheiro, foi pessoalmente, nesta quinta-feira (27), entregar a governadora de Pernambuco, Raquel Lyra, o primeiro convite oficial do S\u00e3o Jo\u00e3o 2023.<\/span><\/p>\n<p style=\"text-align: justify;\">Na ocasi\u00e3o, Rodrigo e Raquel conversaram sobre as novidades de todos os polos de anima\u00e7\u00e3o que v\u00e3o movimentar a economia da Capital do Forr\u00f3 a partir desta sexta-feira (28) com o S\u00e3o Jo\u00e3o na Ro\u00e7a.<\/p>\n<p style=\"text-align: justify;\">&#8220;A parceria com o Governo do Estado na maior festa do interior de Pernambuco \u00e9 muito importante e vim pessoalmente trazer o primeiro convite oficial para a governadora Raquel Lyra do S\u00e3o Jo\u00e3o 2023 de Caruaru. Nossa cidade se prepara para viver o maior S\u00e3o Jo\u00e3o de todos os tempos&#8221;, finalizou o prefeito de Caruaru, Rodrigo Pinheiro.<\/p>\n\n\n<figure class=\"wp-block-image size-large\"><img loading=\"lazy\" decoding=\"async\" width=\"1024\" height=\"768\" src=\"https:\/\/blogdoedvaldomagalhaes.com.br\/wp-content\/uploads\/2023\/04\/IMG-20230427-WA0098-1024x768.jpg\" alt=\"\" class=\"wp-image-95500\" srcset=\"https:\/\/blogdoedvaldomagalhaes.com.br\/wp-content\/uploads\/2023\/04\/IMG-20230427-WA0098-1024x768.jpg 1024w, https:\/\/blogdoedvaldomagalhaes.com.br\/wp-content\/uploads\/2023\/04\/IMG-20230427-WA0098-300x225.jpg 300w, https:\/\/blogdoedvaldomagalhaes.com.br\/wp-content\/uploads\/2023\/04\/IMG-20230427-WA0098-768x576.jpg 768w, https:\/\/blogdoedvaldomagalhaes.com.br\/wp-content\/uploads\/2023\/04\/IMG-20230427-WA0098-1536x1152.jpg 1536w, https:\/\/blogdoedvaldomagalhaes.com.br\/wp-content\/uploads\/2023\/04\/IMG-20230427-WA0098-160x120.jpg 160w, https:\/\/blogdoedvaldomagalhaes.com.br\/wp-content\/uploads\/2023\/04\/IMG-20230427-WA0098.jpg 1600w\" sizes=\"auto, (max-width: 1024px) 100vw, 1024px\" \/><figcaption class=\"wp-element-caption\">Fotos: Divulga\u00e7\u00e3o <\/figcaption><\/figure>\n\n\n<p style=\"text-align: justify;\"><span style=\"color: initial; font-size: revert;\">O prefeito de Caruaru, Rodrigo Pinheiro, visitou nesta quinta-feira (27), o Comando Geral do Corpo de Bombeiros Militar, com sede no Recife. \u00c9 o primeiro prefeito pernambucano a visitar o Corpo de Bombeiros para tratar do S\u00e3o Jo\u00e3o 2023. Rodrigo Pinheiro foi recebido pelo comandante do CBMPE, coronel Luciano Alves Bezerra da Fonseca; pelo subcomandante Geral do CBMPE, coronel Evandro; pelo diretor Geral de Opera\u00e7\u00f5es do CBMPE, coronel Cantarelli e pelo diretor Integrado Especializado do CBMPE, coronel Farias, que \u00e9 o respons\u00e1vel direto pelas vistorias.<\/span><\/p>\n<p style=\"text-align: justify;\">Na ocasi\u00e3o, foram tratados de detalhes relativos aos festejos juninos nos 26 polos que comp\u00f5em o maior S\u00e3o Jo\u00e3o do Mundo, em Caruaru, principalmente, as estruturas que ser\u00e3o montadas no P\u00e1tio de Eventos Luiz Lua Gonzaga.<\/p>\n<p style=\"text-align: justify;\">Estiveram na comitiva acompanhando o prefeito Rodrigo Pinheiro, o secret\u00e1rio de Ordem P\u00fablica (Secop), Coronel Patr\u00edcio; o secret\u00e1rio de Governo, Lino Portela; e o secret\u00e1rio Executivo de Comunica\u00e7\u00e3o, Thiago Azevedo.<\/p>\n<p style=\"text-align: justify;\">&#8220;O objetivo desta importante visita na manh\u00e3 de hoje foi tratar da quest\u00e3o da seguran\u00e7a da popula\u00e7\u00e3o que vai curtir o S\u00e3o Jo\u00e3o de Caruaru. Com muita anteced\u00eancia estamos procurando todas as for\u00e7as operativas, como o Corpo de Bombeiros, em busca de entregar \u00e0 popula\u00e7\u00e3o um S\u00e3o Jo\u00e3o seguro e tranq\u00fcilo, que este ano trar\u00e1 novidades em v\u00e1rios setores, tanto na repagina\u00e7\u00e3o estrutural, como tamb\u00e9m no quesito essencial, que \u00e9 o da seguran\u00e7a, com mais entradas, sa\u00eddas de emerg\u00eancia e sinaliza\u00e7\u00e3o. Estar em comunh\u00e3o com as for\u00e7as operativas, como o Corpo de Bombeiros, \u00e9 de suma import\u00e2ncia para que a festa aconte\u00e7a dentro da sua normalidade, pois queremos oferecer mais seguran\u00e7a e tranq\u00fcilidade para as pessoas que v\u00e3o circular nos 26 polos, incluindo o P\u00e1tio de Eventos Luiz Gonzaga. Estaremos o tempo todo em comunica\u00e7\u00e3o com os Bombeiros, como tamb\u00e9m com os demais atores envolvidos na seguran\u00e7a do p\u00fablico, como a Pol\u00edcia Militar, Vigil\u00e2ncia Sanit\u00e1ria e demais \u00f3rg\u00e3os que ajudam a realizar o maior e melhor S\u00e3o Jo\u00e3o do mundo\u201d, destacou o prefeito.<\/p>\n<p style=\"text-align: justify;\">Siga o Instagram do Blog @blogdoedvaldomagalhaes<\/p>","protected":false},"excerpt":{"rendered":"<p>Prefeito de Caruaru, Rodrigo Pinheiro, foi pessoalmente, nesta quinta-feira (27), entregar a governadora de Pernambuco, Raquel Lyra, o primeiro convite&hellip;<\/p>\n","protected":false},"author":1,"featured_media":95499,"comment_status":"closed","ping_status":"open","sticky":false,"template":"","format":"standard","meta":{"footnotes":""},"categories":[14120],"tags":[2,19532,3406,27398,20],"class_list":["post-95498","post","type-post","status-publish","format-standard","has-post-thumbnail","hentry","category-noticias","tag-blog-do-edvaldo-magalhaes","tag-blog-mais-acessado-e-visualizado-de-caruaru-e-regiao","tag-caruaru","tag-governadora-raquel-lyra-e-convidada-pelo-prefeito-rodrigo-pinheiro-para-o-sao-joao-2023-de-caruaru","tag-politica"],"_links":{"self":[{"href":"https:\/\/blogdoedvaldomagalhaes.com.br\/index.php\/wp-json\/wp\/v2\/posts\/95498","targetHints":{"allow":["GET"]}}],"collection":[{"href":"https:\/\/blogdoedvaldomagalhaes.com.br\/index.php\/wp-json\/wp\/v2\/posts"}],"about":[{"href":"https:\/\/blogdoedvaldomagalhaes.com.br\/index.php\/wp-json\/wp\/v2\/types\/post"}],"author":[{"embeddable":true,"href":"https:\/\/blogdoedvaldomagalhaes.com.br\/index.php\/wp-json\/wp\/v2\/users\/1"}],"replies":[{"embeddable":true,"href":"https:\/\/blogdoedvaldomagalhaes.com.br\/index.php\/wp-json\/wp\/v2\/comments?post=95498"}],"version-history":[{"count":1,"href":"https:\/\/blogdoedvaldomagalhaes.com.br\/index.php\/wp-json\/wp\/v2\/posts\/95498\/revisions"}],"predecessor-version":[{"id":95501,"href":"https:\/\/blogdoedvaldomagalhaes.com.br\/index.php\/wp-json\/wp\/v2\/posts\/95498\/revisions\/95501"}],"wp:featuredmedia":[{"embeddable":true,"href":"https:\/\/blogdoedvaldomagalhaes.com.br\/index.php\/wp-json\/wp\/v2\/media\/95499"}],"wp:attachment":[{"href":"https:\/\/blogdoedvaldomagalhaes.com.br\/index.php\/wp-json\/wp\/v2\/media?parent=95498"}],"wp:term":[{"taxonomy":"category","embeddable":true,"href":"https:\/\/blogdoedvaldomagalhaes.com.br\/index.php\/wp-json\/wp\/v2\/categories?post=95498"},{"taxonomy":"post_tag","embeddable":true,"href":"https:\/\/blogdoedvaldomagalhaes.com.br\/index.php\/wp-json\/wp\/v2\/tags?post=95498"}],"curies":[{"name":"wp","href":"https:\/\/api.w.org\/{rel}","templated":true}]}}