{"id":95495,"date":"2023-04-27T19:53:13","date_gmt":"2023-04-27T22:53:13","guid":{"rendered":"https:\/\/blogdoedvaldomagalhaes.com.br\/?p=95495"},"modified":"2023-04-27T19:53:14","modified_gmt":"2023-04-27T22:53:14","slug":"anderson-assume-a-presidencia-do-pp-em-caruaru","status":"publish","type":"post","link":"https:\/\/blogdoedvaldomagalhaes.com.br\/index.php\/2023\/04\/27\/anderson-assume-a-presidencia-do-pp-em-caruaru\/","title":{"rendered":"Anderson assume a presid\u00eancia do PP em Caruaru"},"content":{"rendered":"<p style=\"text-align: justify;\"><span style=\"color: initial; font-size: revert;\">O vereador Anderson Correia \u00e9 o novo presidente do Partido Progressistas em Caruaru. A nomea\u00e7\u00e3o do parlamentar caruaruense se deu nesta quinta-feira (27), durante a XXII Marcha dos Legislativos Municipais, que est\u00e1 acontecendo em Bras\u00edlia, por meio de ato realizado pelo deputado federal Eduardo da Fonte, presidente da sigla em Pernambuco, que fez o convite a Anderson, dando-lhe carta branca para conduzir os rumos pol\u00edticos na Capital do Agreste.<\/span><\/p>\n<p style=\"text-align: justify;\">A escolha por Anderson Correia se deu ap\u00f3s ele se destacar como o vereador mais bem votado do PP, em Caruaru, nas elei\u00e7\u00f5es municipais de 2020, al\u00e9m do destaque nas \u00faltimas elei\u00e7\u00f5es, em 2022, quando ficou como 2\u00ba suplente de deputado federal do Partido Progressistas, ap\u00f3s conseguir 16.128 votos, sendo considerada uma das grandes surpresas dessa elei\u00e7\u00e3o, pela vota\u00e7\u00e3o expressiva que igualou e at\u00e9 superou concorrentes de peso com grandes estruturas e fundos partid\u00e1rios.<\/p>\n<p style=\"text-align: justify;\">\u201cAssumo este novo desafio com a certeza de que irei corresponder as expectativas do partido, buscando fortalecer e aumentar a nossa representatividade na C\u00e2mara de Vereadores e no Executivo Municipal\u201d, destacou Anderson Correia.<\/p>\n<p style=\"text-align: justify;\">Foto: Divulga\u00e7\u00e3o.<\/p>\n<p style=\"text-align: justify;\">Siga o Instagram do Blog @blogdoedvaldomagalhaes<\/p>\n","protected":false},"excerpt":{"rendered":"<p>O vereador Anderson Correia \u00e9 o novo presidente do Partido Progressistas em Caruaru. A nomea\u00e7\u00e3o do parlamentar caruaruense se deu&hellip;<\/p>\n","protected":false},"author":1,"featured_media":95496,"comment_status":"closed","ping_status":"open","sticky":false,"template":"","format":"standard","meta":{"footnotes":""},"categories":[14120],"tags":[27397,2,19532,3406,20],"class_list":["post-95495","post","type-post","status-publish","format-standard","has-post-thumbnail","hentry","category-noticias","tag-anderson-assume-a-presidencia-do-pp-em-caruaru","tag-blog-do-edvaldo-magalhaes","tag-blog-mais-acessado-e-visualizado-de-caruaru-e-regiao","tag-caruaru","tag-politica"],"_links":{"self":[{"href":"https:\/\/blogdoedvaldomagalhaes.com.br\/index.php\/wp-json\/wp\/v2\/posts\/95495","targetHints":{"allow":["GET"]}}],"collection":[{"href":"https:\/\/blogdoedvaldomagalhaes.com.br\/index.php\/wp-json\/wp\/v2\/posts"}],"about":[{"href":"https:\/\/blogdoedvaldomagalhaes.com.br\/index.php\/wp-json\/wp\/v2\/types\/post"}],"author":[{"embeddable":true,"href":"https:\/\/blogdoedvaldomagalhaes.com.br\/index.php\/wp-json\/wp\/v2\/users\/1"}],"replies":[{"embeddable":true,"href":"https:\/\/blogdoedvaldomagalhaes.com.br\/index.php\/wp-json\/wp\/v2\/comments?post=95495"}],"version-history":[{"count":1,"href":"https:\/\/blogdoedvaldomagalhaes.com.br\/index.php\/wp-json\/wp\/v2\/posts\/95495\/revisions"}],"predecessor-version":[{"id":95497,"href":"https:\/\/blogdoedvaldomagalhaes.com.br\/index.php\/wp-json\/wp\/v2\/posts\/95495\/revisions\/95497"}],"wp:featuredmedia":[{"embeddable":true,"href":"https:\/\/blogdoedvaldomagalhaes.com.br\/index.php\/wp-json\/wp\/v2\/media\/95496"}],"wp:attachment":[{"href":"https:\/\/blogdoedvaldomagalhaes.com.br\/index.php\/wp-json\/wp\/v2\/media?parent=95495"}],"wp:term":[{"taxonomy":"category","embeddable":true,"href":"https:\/\/blogdoedvaldomagalhaes.com.br\/index.php\/wp-json\/wp\/v2\/categories?post=95495"},{"taxonomy":"post_tag","embeddable":true,"href":"https:\/\/blogdoedvaldomagalhaes.com.br\/index.php\/wp-json\/wp\/v2\/tags?post=95495"}],"curies":[{"name":"wp","href":"https:\/\/api.w.org\/{rel}","templated":true}]}}