{"id":95492,"date":"2023-04-27T19:04:51","date_gmt":"2023-04-27T22:04:51","guid":{"rendered":"https:\/\/blogdoedvaldomagalhaes.com.br\/?p=95492"},"modified":"2023-04-27T19:04:52","modified_gmt":"2023-04-27T22:04:52","slug":"cadeira-de-rodas-e-furtada-enquanto-deficiente-dorme-servidores-da-pf-arrecadam-dinheiro-e-compram-uma-cadeira-nova","status":"publish","type":"post","link":"https:\/\/blogdoedvaldomagalhaes.com.br\/index.php\/2023\/04\/27\/cadeira-de-rodas-e-furtada-enquanto-deficiente-dorme-servidores-da-pf-arrecadam-dinheiro-e-compram-uma-cadeira-nova\/","title":{"rendered":"Cadeira de rodas \u00e9 furtada enquanto deficiente dorme  servidores da PF arrecadam dinheiro e compram uma cadeira nova"},"content":{"rendered":"<p style=\"text-align: justify;\"><span style=\"font-size: revert;\">Cadeirante e deficiente (Sr. \u00c1tila Rosa) que n\u00e3o possui ambas as pernas e problemas mentais que vive na Pra\u00e7a Tiradentes (em frente ao Margarid\u00e3o) estava passando por uma situa\u00e7\u00e3o muito complicada. Como se n\u00e3o bastasse toda a problem\u00e1tica que vive, ele teve a sua cadeira de rodas furtada em 23.04.2023 (durante a madrugada) enquanto dormia num banco da referida pra\u00e7a. A cadeira foi furtada por usu\u00e1rios de drogas (ao que se sabe) e que a devem ter vendido para comprar pedras de crack. Nesses dias em que ficou sem sua cadeira passou por momentos extremamente dif\u00edceis sentado num banco sem poder se locomover exposto a chuva e com dificuldade de fazer suas necessidades mais b\u00e1sicas!<\/span><\/p>\n<p style=\"text-align: justify;\">V\u00e1rios servidores da Pol\u00edcia Federal se sensibilizaram com a situa\u00e7\u00e3o e papiloscopistas policiais federais resolveram tomar a iniciativa e promover uma arrecada\u00e7\u00e3o de dinheiro atrav\u00e9s de doa\u00e7\u00f5es volunt\u00e1rias via pix do PPF Wildson (que prestar\u00e1 contas aos doadores, assim que finalizar as doa\u00e7\u00f5es e conseguir a quantia necess\u00e1ria para a compra de uma nova cadeira de rodas).<\/p>\n<p style=\"text-align: justify;\">A cadeira de rodas custava R$ 380 (trezentos e oitenta) reais e foi adquirida pelo valor de R$ 330 (trezentos e oitenta reais), em virtude do PPF Mac\u00e1rio ter contado a hist\u00f3ria, enviado fotos ao vendedor eu compadecido, baixou o pre\u00e7o e ainda fez uma manuten\u00e7\u00e3o e entregou no mesmo dia. Roupas tamb\u00e9m foram doadas e como pode acontecer novamente o furto de tal cadeira, fui custeado um cadeado com uma corrente para dar mais seguran\u00e7a ao aparelho de locomo\u00e7\u00e3o para que fatos (roubo) como esse n\u00e3o possam mais voltar a acontecer enquanto ele estiver dormindo!<\/p>\n<p style=\"text-align: justify;\">A empatia \u00e9 a capacidade de se identificar com outra pessoa, de sentir o que ela sente! A verdade \u00e9 que a empatia pode ser definida como a capacidade de compreender e compartilhar os sentimentos de outras pessoas. Ser uma pessoa emp\u00e1tica \u00e9 ter a capacidade de estar ciente das emo\u00e7\u00f5es, experi\u00eancias e perspectivas de outras pessoas. \u00c9 muito importante que aprendamos a nos colocar no lugar dos outros.<\/p>\n","protected":false},"excerpt":{"rendered":"<p>Cadeirante e deficiente (Sr. \u00c1tila Rosa) que n\u00e3o possui ambas as pernas e problemas mentais que vive na Pra\u00e7a Tiradentes&hellip;<\/p>\n","protected":false},"author":1,"featured_media":95493,"comment_status":"closed","ping_status":"open","sticky":false,"template":"","format":"standard","meta":{"footnotes":""},"categories":[14120],"tags":[2,19532,27396,3406],"class_list":["post-95492","post","type-post","status-publish","format-standard","has-post-thumbnail","hentry","category-noticias","tag-blog-do-edvaldo-magalhaes","tag-blog-mais-acessado-e-visualizado-de-caruaru-e-regiao","tag-cadeira-de-rodas-e-furtada-enquanto-deficiente-dorme-servidores-da-pf-arrecadam-dinheiro-e-compram-uma-cadeira-nova","tag-caruaru"],"_links":{"self":[{"href":"https:\/\/blogdoedvaldomagalhaes.com.br\/index.php\/wp-json\/wp\/v2\/posts\/95492","targetHints":{"allow":["GET"]}}],"collection":[{"href":"https:\/\/blogdoedvaldomagalhaes.com.br\/index.php\/wp-json\/wp\/v2\/posts"}],"about":[{"href":"https:\/\/blogdoedvaldomagalhaes.com.br\/index.php\/wp-json\/wp\/v2\/types\/post"}],"author":[{"embeddable":true,"href":"https:\/\/blogdoedvaldomagalhaes.com.br\/index.php\/wp-json\/wp\/v2\/users\/1"}],"replies":[{"embeddable":true,"href":"https:\/\/blogdoedvaldomagalhaes.com.br\/index.php\/wp-json\/wp\/v2\/comments?post=95492"}],"version-history":[{"count":1,"href":"https:\/\/blogdoedvaldomagalhaes.com.br\/index.php\/wp-json\/wp\/v2\/posts\/95492\/revisions"}],"predecessor-version":[{"id":95494,"href":"https:\/\/blogdoedvaldomagalhaes.com.br\/index.php\/wp-json\/wp\/v2\/posts\/95492\/revisions\/95494"}],"wp:featuredmedia":[{"embeddable":true,"href":"https:\/\/blogdoedvaldomagalhaes.com.br\/index.php\/wp-json\/wp\/v2\/media\/95493"}],"wp:attachment":[{"href":"https:\/\/blogdoedvaldomagalhaes.com.br\/index.php\/wp-json\/wp\/v2\/media?parent=95492"}],"wp:term":[{"taxonomy":"category","embeddable":true,"href":"https:\/\/blogdoedvaldomagalhaes.com.br\/index.php\/wp-json\/wp\/v2\/categories?post=95492"},{"taxonomy":"post_tag","embeddable":true,"href":"https:\/\/blogdoedvaldomagalhaes.com.br\/index.php\/wp-json\/wp\/v2\/tags?post=95492"}],"curies":[{"name":"wp","href":"https:\/\/api.w.org\/{rel}","templated":true}]}}