{"id":95489,"date":"2023-04-27T18:49:37","date_gmt":"2023-04-27T21:49:37","guid":{"rendered":"https:\/\/blogdoedvaldomagalhaes.com.br\/?p=95489"},"modified":"2023-04-27T18:49:37","modified_gmt":"2023-04-27T21:49:37","slug":"vereador-mano-do-som-solicita-pista-profissional-de-motocross-e-de-bicicross-no-autodromo-de-caruaru","status":"publish","type":"post","link":"https:\/\/blogdoedvaldomagalhaes.com.br\/index.php\/2023\/04\/27\/vereador-mano-do-som-solicita-pista-profissional-de-motocross-e-de-bicicross-no-autodromo-de-caruaru\/","title":{"rendered":"Vereador Mano do Som solicita pista profissional de Motocross e de Bicicross no Aut\u00f3dromo de Caruaru"},"content":{"rendered":"<p style=\"text-align: justify;\">Esse \u00e9 um pleito de total import\u00e2ncia, pois, visa garantir a pratica esportiva desses competidores. Al\u00e9m de que, uma pista desse porte, resultar\u00e1 em maior desenvolvimento de nossa cidade, pois, atrair\u00e1 campeonatos estaduais, regionais e nacionais, al\u00e9m de proporcionar, um local adequado para treinamento.<\/p>\n<p style=\"text-align: justify;\">\u201cDestaco que essas competi\u00e7\u00f5es ocorrem na regi\u00e3o, sul, sudeste e centro-oeste, e diversos competidores do norte e nordeste, se deslocam para participar desses campeonatos e Caruaru, pode se tornar pioneira ao receber tais competidores em nossa cidade. Neste sentido, a presta\u00e7\u00e3o dos servi\u00e7os p\u00fablicos indicados nesta propositura, com a brevidade necess\u00e1ria, resultar\u00e1 na melhoria da qualidade de vida da profissionais desses esportes. Garantindo a dignidade, maior conforto e harmonia para os esportistas\u201d, afirmou o vereador Mano do Som.<\/p>\n<p>Siga o Instagram do Blog @blogdoedvaldomagalhaes<\/p>\n","protected":false},"excerpt":{"rendered":"<p>Esse \u00e9 um pleito de total import\u00e2ncia, pois, visa garantir a pratica esportiva desses competidores. Al\u00e9m de que, uma pista&hellip;<\/p>\n","protected":false},"author":1,"featured_media":95490,"comment_status":"closed","ping_status":"open","sticky":false,"template":"","format":"standard","meta":{"footnotes":""},"categories":[14122],"tags":[2,19532,3406,20295,27395],"class_list":["post-95489","post","type-post","status-publish","format-standard","has-post-thumbnail","hentry","category-politica","tag-blog-do-edvaldo-magalhaes","tag-blog-mais-acessado-e-visualizado-de-caruaru-e-regiao","tag-caruaru","tag-politica-2","tag-vereador-mano-do-som-solicita-pista-profissional-de-motocross-e-de-bicicross-no-autodromo-de-caruaru"],"_links":{"self":[{"href":"https:\/\/blogdoedvaldomagalhaes.com.br\/index.php\/wp-json\/wp\/v2\/posts\/95489","targetHints":{"allow":["GET"]}}],"collection":[{"href":"https:\/\/blogdoedvaldomagalhaes.com.br\/index.php\/wp-json\/wp\/v2\/posts"}],"about":[{"href":"https:\/\/blogdoedvaldomagalhaes.com.br\/index.php\/wp-json\/wp\/v2\/types\/post"}],"author":[{"embeddable":true,"href":"https:\/\/blogdoedvaldomagalhaes.com.br\/index.php\/wp-json\/wp\/v2\/users\/1"}],"replies":[{"embeddable":true,"href":"https:\/\/blogdoedvaldomagalhaes.com.br\/index.php\/wp-json\/wp\/v2\/comments?post=95489"}],"version-history":[{"count":1,"href":"https:\/\/blogdoedvaldomagalhaes.com.br\/index.php\/wp-json\/wp\/v2\/posts\/95489\/revisions"}],"predecessor-version":[{"id":95491,"href":"https:\/\/blogdoedvaldomagalhaes.com.br\/index.php\/wp-json\/wp\/v2\/posts\/95489\/revisions\/95491"}],"wp:featuredmedia":[{"embeddable":true,"href":"https:\/\/blogdoedvaldomagalhaes.com.br\/index.php\/wp-json\/wp\/v2\/media\/95490"}],"wp:attachment":[{"href":"https:\/\/blogdoedvaldomagalhaes.com.br\/index.php\/wp-json\/wp\/v2\/media?parent=95489"}],"wp:term":[{"taxonomy":"category","embeddable":true,"href":"https:\/\/blogdoedvaldomagalhaes.com.br\/index.php\/wp-json\/wp\/v2\/categories?post=95489"},{"taxonomy":"post_tag","embeddable":true,"href":"https:\/\/blogdoedvaldomagalhaes.com.br\/index.php\/wp-json\/wp\/v2\/tags?post=95489"}],"curies":[{"name":"wp","href":"https:\/\/api.w.org\/{rel}","templated":true}]}}