{"id":95486,"date":"2023-04-27T17:07:13","date_gmt":"2023-04-27T20:07:13","guid":{"rendered":"https:\/\/blogdoedvaldomagalhaes.com.br\/?p=95486"},"modified":"2023-04-27T17:07:14","modified_gmt":"2023-04-27T20:07:14","slug":"vereador-irmao-ronaldo-solicita-urgencia-no-novo-acesso-aos-condominios-com-qualidade-e-seguranca","status":"publish","type":"post","link":"https:\/\/blogdoedvaldomagalhaes.com.br\/index.php\/2023\/04\/27\/vereador-irmao-ronaldo-solicita-urgencia-no-novo-acesso-aos-condominios-com-qualidade-e-seguranca\/","title":{"rendered":"Vereador Irm\u00e3o Ronaldo solicita urg\u00eancia no novo acesso aos condom\u00ednios com qualidade e seguran\u00e7a"},"content":{"rendered":"<p style=\"text-align: justify;\"><b>REQUERIMENTOS SOLICITADOS DE AUTORIA DO VEREADOR IRM\u00c3O RONALDO\u00a0<\/b><\/p>\n<p style=\"text-align: justify;\"><b>Requerimento <\/b><span style=\"font-weight: 400;\">Para realizar o mais URG\u00caNTE poss\u00edvel \u00e0 constru\u00e7\u00e3o de um novo acesso, aos Condom\u00ednios Jardim Capibaribe, Jardim S\u00e3o Francisco, Jardim Ipojuca, Residencial Xique Xique e Residencial Andorinhas, este, atendendo aos requisitos m\u00ednimos para ofertar qualidade e seguran\u00e7a no trajeto.<\/span><\/p>\n<p style=\"text-align: justify;\"><b>Requerimento <\/b><span style=\"font-weight: 400;\">para que se proceda com a realiza\u00e7\u00e3o de Servi\u00e7os de terraplanagem \/ Patrolamento na estrada do S\u00edtio Maria Clara, Zona Rural deste Munic\u00edpio.<\/span><\/p>\n<p style=\"text-align: justify;\"><b>Requerimento<\/b><span style=\"font-weight: 400;\">\u00a0para que seja constru\u00eddo um Parque Ambiental no Bairro Jardim Boa Vista, na \u00e1rea verde p\u00fablica, que fica em frente a Avenida Jo\u00e3o Soares de Lira, fazendo divisa com os residenciais Bara\u00fanas e Mandacaru, \u201c Parque Jardim Boa Vista\u201d.<\/span><\/p>\n<p style=\"text-align: justify;\"><b>Requerimento <\/b><span style=\"font-weight: 400;\">para que se Viabilize a constru\u00e7\u00e3o de uma Pra\u00e7a na Rua Silveira Martins, localizada no bairro Petr\u00f3polis.<\/span><\/p>\n<p style=\"text-align: justify;\"><b>Requerimento <\/b><span style=\"font-weight: 400;\">Para que se viabilize o saneamento e a Pavimenta\u00e7\u00e3o com cal\u00e7amento na Rua do Arame, Bairro Vila do Aeroporto.<\/span><\/p>\n<p>Foto: Divulga\u00e7\u00e3o.<\/p>\n<p style=\"text-align: justify;\">Siga o Instagram do Blog @blogdoedvaldomagalhaes<\/p>\n","protected":false},"excerpt":{"rendered":"<p>REQUERIMENTOS SOLICITADOS DE AUTORIA DO VEREADOR IRM\u00c3O RONALDO\u00a0 Requerimento Para realizar o mais URG\u00caNTE poss\u00edvel \u00e0 constru\u00e7\u00e3o de um novo&hellip;<\/p>\n","protected":false},"author":1,"featured_media":95487,"comment_status":"closed","ping_status":"open","sticky":false,"template":"","format":"standard","meta":{"footnotes":""},"categories":[14122],"tags":[2,19532,3406,20,27394],"class_list":["post-95486","post","type-post","status-publish","format-standard","has-post-thumbnail","hentry","category-politica","tag-blog-do-edvaldo-magalhaes","tag-blog-mais-acessado-e-visualizado-de-caruaru-e-regiao","tag-caruaru","tag-politica","tag-vereador-irmao-ronaldo-solicita-urgencia-no-novo-acesso-aos-condominios-com-qualidade-e-seguranca"],"_links":{"self":[{"href":"https:\/\/blogdoedvaldomagalhaes.com.br\/index.php\/wp-json\/wp\/v2\/posts\/95486","targetHints":{"allow":["GET"]}}],"collection":[{"href":"https:\/\/blogdoedvaldomagalhaes.com.br\/index.php\/wp-json\/wp\/v2\/posts"}],"about":[{"href":"https:\/\/blogdoedvaldomagalhaes.com.br\/index.php\/wp-json\/wp\/v2\/types\/post"}],"author":[{"embeddable":true,"href":"https:\/\/blogdoedvaldomagalhaes.com.br\/index.php\/wp-json\/wp\/v2\/users\/1"}],"replies":[{"embeddable":true,"href":"https:\/\/blogdoedvaldomagalhaes.com.br\/index.php\/wp-json\/wp\/v2\/comments?post=95486"}],"version-history":[{"count":1,"href":"https:\/\/blogdoedvaldomagalhaes.com.br\/index.php\/wp-json\/wp\/v2\/posts\/95486\/revisions"}],"predecessor-version":[{"id":95488,"href":"https:\/\/blogdoedvaldomagalhaes.com.br\/index.php\/wp-json\/wp\/v2\/posts\/95486\/revisions\/95488"}],"wp:featuredmedia":[{"embeddable":true,"href":"https:\/\/blogdoedvaldomagalhaes.com.br\/index.php\/wp-json\/wp\/v2\/media\/95487"}],"wp:attachment":[{"href":"https:\/\/blogdoedvaldomagalhaes.com.br\/index.php\/wp-json\/wp\/v2\/media?parent=95486"}],"wp:term":[{"taxonomy":"category","embeddable":true,"href":"https:\/\/blogdoedvaldomagalhaes.com.br\/index.php\/wp-json\/wp\/v2\/categories?post=95486"},{"taxonomy":"post_tag","embeddable":true,"href":"https:\/\/blogdoedvaldomagalhaes.com.br\/index.php\/wp-json\/wp\/v2\/tags?post=95486"}],"curies":[{"name":"wp","href":"https:\/\/api.w.org\/{rel}","templated":true}]}}