{"id":95483,"date":"2023-04-27T14:33:39","date_gmt":"2023-04-27T17:33:39","guid":{"rendered":"https:\/\/blogdoedvaldomagalhaes.com.br\/?p=95483"},"modified":"2023-04-27T14:33:40","modified_gmt":"2023-04-27T17:33:40","slug":"plano-de-cargos-carreira-desenvolvimento-e-remuneracao-pccdr-sera-pago-nesta-sexta-feira-28-aos-professores-de-caruaru","status":"publish","type":"post","link":"https:\/\/blogdoedvaldomagalhaes.com.br\/index.php\/2023\/04\/27\/plano-de-cargos-carreira-desenvolvimento-e-remuneracao-pccdr-sera-pago-nesta-sexta-feira-28-aos-professores-de-caruaru\/","title":{"rendered":"Plano de Cargos, Carreira, Desenvolvimento e Remunera\u00e7\u00e3o (PCCDR) ser\u00e1 pago nesta sexta-feira (28) aos professores de Caruaru"},"content":{"rendered":"<p style=\"text-align: justify;\"><span style=\"font-size: revert;\">A Secretaria de Administra\u00e7\u00e3o (SAD), paga\u00a0<\/span><span style=\"font-size: revert;\">nesta sexta-feira (28), o reajuste de sal\u00e1rio do Plano de Cargos, Carreira, Desenvolvimento e Remunera\u00e7\u00e3o (PCCDR) dos professores ativos e aposentados da Rede Municipal de Ensino. O reajuste ser\u00e1 de 14,95%.<\/span><\/p>\n<p style=\"text-align: justify;\">A Meta 15 do Plano Municipal de Educa\u00e7\u00e3o, PME &#8211; Lei 5.540\/2015 estabelece a valoriza\u00e7\u00e3o dos Profissionais da Educa\u00e7\u00e3o com equipara\u00e7\u00e3o dos rendimentos m\u00e9dios a de outros profissionais de escolaridade equivalente. O projeto teve tamb\u00e9m a contribui\u00e7\u00e3o do IBAM &#8211; Instituto Brasileiro de Administra\u00e7\u00e3o Municipal, uma das entidades de maior credibilidade e exist\u00eancia no Brasil na elabora\u00e7\u00e3o de leis que tratam de progress\u00e3o de carreira.<\/p>\n<p style=\"text-align: justify;\">O reajuste traz avan\u00e7os significativos para os professores da rede municipal de ensino. Entre eles: a paridade entre professores ativos e aposentados e pensionistas da educa\u00e7\u00e3o, al\u00e9m da corre\u00e7\u00e3o de distor\u00e7\u00f5es salariais, que, desde 2013, afetavam a garantia de direitos dos professores.<\/p>\n<p style=\"text-align: justify;\">\u201cA aprova\u00e7\u00e3o do PCCDR \u00e9 um grande avan\u00e7o na gest\u00e3o do prefeito Rodrigo Pinheiro. Conseguimos descongelar os sal\u00e1rios dos professores e unificar as tabelas permitindo que os docentes possam progredir na carreira. Com isso, em breve, lan\u00e7aremos o maior edital para o concurso p\u00fablico de vagas para professores na rede de ensino municipal\u201d, disse a secret\u00e1ria da SAD, Michely Martins.<\/p>\n<p>Foto: Arquivo\/Vladimir Barreto.<\/p>\n<p>Siga o Instagram do Blog @blogdoedvaldomagalhaes<\/p>\n","protected":false},"excerpt":{"rendered":"<p>A Secretaria de Administra\u00e7\u00e3o (SAD), paga\u00a0nesta sexta-feira (28), o reajuste de sal\u00e1rio do Plano de Cargos, Carreira, Desenvolvimento e Remunera\u00e7\u00e3o&hellip;<\/p>\n","protected":false},"author":1,"featured_media":95484,"comment_status":"closed","ping_status":"open","sticky":false,"template":"","format":"standard","meta":{"footnotes":""},"categories":[14120],"tags":[2,19532,3406],"class_list":["post-95483","post","type-post","status-publish","format-standard","has-post-thumbnail","hentry","category-noticias","tag-blog-do-edvaldo-magalhaes","tag-blog-mais-acessado-e-visualizado-de-caruaru-e-regiao","tag-caruaru"],"_links":{"self":[{"href":"https:\/\/blogdoedvaldomagalhaes.com.br\/index.php\/wp-json\/wp\/v2\/posts\/95483","targetHints":{"allow":["GET"]}}],"collection":[{"href":"https:\/\/blogdoedvaldomagalhaes.com.br\/index.php\/wp-json\/wp\/v2\/posts"}],"about":[{"href":"https:\/\/blogdoedvaldomagalhaes.com.br\/index.php\/wp-json\/wp\/v2\/types\/post"}],"author":[{"embeddable":true,"href":"https:\/\/blogdoedvaldomagalhaes.com.br\/index.php\/wp-json\/wp\/v2\/users\/1"}],"replies":[{"embeddable":true,"href":"https:\/\/blogdoedvaldomagalhaes.com.br\/index.php\/wp-json\/wp\/v2\/comments?post=95483"}],"version-history":[{"count":1,"href":"https:\/\/blogdoedvaldomagalhaes.com.br\/index.php\/wp-json\/wp\/v2\/posts\/95483\/revisions"}],"predecessor-version":[{"id":95485,"href":"https:\/\/blogdoedvaldomagalhaes.com.br\/index.php\/wp-json\/wp\/v2\/posts\/95483\/revisions\/95485"}],"wp:featuredmedia":[{"embeddable":true,"href":"https:\/\/blogdoedvaldomagalhaes.com.br\/index.php\/wp-json\/wp\/v2\/media\/95484"}],"wp:attachment":[{"href":"https:\/\/blogdoedvaldomagalhaes.com.br\/index.php\/wp-json\/wp\/v2\/media?parent=95483"}],"wp:term":[{"taxonomy":"category","embeddable":true,"href":"https:\/\/blogdoedvaldomagalhaes.com.br\/index.php\/wp-json\/wp\/v2\/categories?post=95483"},{"taxonomy":"post_tag","embeddable":true,"href":"https:\/\/blogdoedvaldomagalhaes.com.br\/index.php\/wp-json\/wp\/v2\/tags?post=95483"}],"curies":[{"name":"wp","href":"https:\/\/api.w.org\/{rel}","templated":true}]}}