{"id":95480,"date":"2023-04-27T13:59:55","date_gmt":"2023-04-27T16:59:55","guid":{"rendered":"https:\/\/blogdoedvaldomagalhaes.com.br\/?p=95480"},"modified":"2023-04-27T13:59:59","modified_gmt":"2023-04-27T16:59:59","slug":"jorge-quintino-solicita-criacao-da-carteira-de-identidade-funcional-para-os-professores-de-escolas-publicas-e-privadas-de-caruaru","status":"publish","type":"post","link":"https:\/\/blogdoedvaldomagalhaes.com.br\/index.php\/2023\/04\/27\/jorge-quintino-solicita-criacao-da-carteira-de-identidade-funcional-para-os-professores-de-escolas-publicas-e-privadas-de-caruaru\/","title":{"rendered":"Jorge Quintino solicita cria\u00e7\u00e3o da carteira de identidade funcional para os professores de escolas p\u00fablicas e privadas de Caruaru"},"content":{"rendered":"<p style=\"text-align: justify;\"><span style=\"font-size: revert;\">Na tarde desta quinta-feira (27), ser\u00e1 realizada a 23\u00aa sess\u00e3o legislativa na C\u00e2mara de Vereadores de Caruaru. O vereador Jorge Quintino (SD) apresentou na \u00faltima semana um projeto de lei na C\u00e2mara Municipal de Caruaru, para a cria\u00e7\u00e3o da carteira funcional para os professores das redes municipal, estadual e particular de ensino, de modo em que os docentes tenham o direito de pagamento de meia entrada em locais espec\u00edficos, visto que, o direito ser\u00e1 v\u00e1lido atrav\u00e9s da apresenta\u00e7\u00e3o da carteira funcional emitida pela Secretaria da Educa\u00e7\u00e3o e Esportes. Outrossim, vale ressaltar que, atualmente os professores de Caruaru n\u00e3o possuem carteira de identidade funcional.<\/span><\/p>\n<p style=\"text-align: justify;\">O vereador Jorge Quintino, enquanto presidente da comiss\u00e3o de Educa\u00e7\u00e3o, Cultura e Esportes, considera a bagagem cultural, como o conjunto de experi\u00eancias e informa\u00e7\u00f5es extracurriculares uma pr\u00e1tica ben\u00e9fica para a pr\u00e1tica e forma\u00e7\u00e3o dos docentes. Todavia, entende-se a forma\u00e7\u00e3o cultural como o processo em que o indiv\u00edduo se conecta com o mundo da cultura, mundo esse entendido como um espa\u00e7o de diferentes leituras e interpreta\u00e7\u00f5es do real, concretizado nas artes (atrav\u00e9s da m\u00fasica, teatro, dan\u00e7a, artes visuais, cinema, literatura, entre outros).<\/p>\n<p style=\"text-align: justify;\">\u201cQuanto maior for o contato do professor com a cultura de modo geral, melhor ser\u00e1 o seu desempenho em sala de aula e consequentemente, melhor ser\u00e1 o desempenho do aluno tanto no campo profissional como pessoal\u201d, destacou o vereador.<\/p>\n<p style=\"text-align: justify;\">A 23\u00aa Ordin\u00e1ria da 3\u00aa Sess\u00e3o Legislativa da 18\u00aa Legislatura, ocorrer\u00e1 na Casa Jornalista Jos\u00e9 Carlos Flor\u00eancio, a partir das 16h. Foto: Vladimir Barreto.<\/p>\n<p style=\"text-align: justify;\">Siga o Instagram do Blog @blogdoedvaldomagalhaes<\/p>\n","protected":false},"excerpt":{"rendered":"<p>Na tarde desta quinta-feira (27), ser\u00e1 realizada a 23\u00aa sess\u00e3o legislativa na C\u00e2mara de Vereadores de Caruaru. O vereador Jorge&hellip;<\/p>\n","protected":false},"author":1,"featured_media":95481,"comment_status":"closed","ping_status":"open","sticky":false,"template":"","format":"standard","meta":{"footnotes":""},"categories":[14122],"tags":[2,19532,3406,27393],"class_list":["post-95480","post","type-post","status-publish","format-standard","has-post-thumbnail","hentry","category-politica","tag-blog-do-edvaldo-magalhaes","tag-blog-mais-acessado-e-visualizado-de-caruaru-e-regiao","tag-caruaru","tag-jorge-quintino-solicita-criacao-da-carteira-de-identidade-funcional-para-os-professores-de-escolas-publicas-e-privadas-de-caruaru"],"_links":{"self":[{"href":"https:\/\/blogdoedvaldomagalhaes.com.br\/index.php\/wp-json\/wp\/v2\/posts\/95480","targetHints":{"allow":["GET"]}}],"collection":[{"href":"https:\/\/blogdoedvaldomagalhaes.com.br\/index.php\/wp-json\/wp\/v2\/posts"}],"about":[{"href":"https:\/\/blogdoedvaldomagalhaes.com.br\/index.php\/wp-json\/wp\/v2\/types\/post"}],"author":[{"embeddable":true,"href":"https:\/\/blogdoedvaldomagalhaes.com.br\/index.php\/wp-json\/wp\/v2\/users\/1"}],"replies":[{"embeddable":true,"href":"https:\/\/blogdoedvaldomagalhaes.com.br\/index.php\/wp-json\/wp\/v2\/comments?post=95480"}],"version-history":[{"count":1,"href":"https:\/\/blogdoedvaldomagalhaes.com.br\/index.php\/wp-json\/wp\/v2\/posts\/95480\/revisions"}],"predecessor-version":[{"id":95482,"href":"https:\/\/blogdoedvaldomagalhaes.com.br\/index.php\/wp-json\/wp\/v2\/posts\/95480\/revisions\/95482"}],"wp:featuredmedia":[{"embeddable":true,"href":"https:\/\/blogdoedvaldomagalhaes.com.br\/index.php\/wp-json\/wp\/v2\/media\/95481"}],"wp:attachment":[{"href":"https:\/\/blogdoedvaldomagalhaes.com.br\/index.php\/wp-json\/wp\/v2\/media?parent=95480"}],"wp:term":[{"taxonomy":"category","embeddable":true,"href":"https:\/\/blogdoedvaldomagalhaes.com.br\/index.php\/wp-json\/wp\/v2\/categories?post=95480"},{"taxonomy":"post_tag","embeddable":true,"href":"https:\/\/blogdoedvaldomagalhaes.com.br\/index.php\/wp-json\/wp\/v2\/tags?post=95480"}],"curies":[{"name":"wp","href":"https:\/\/api.w.org\/{rel}","templated":true}]}}