{"id":95472,"date":"2023-04-26T19:31:43","date_gmt":"2023-04-26T22:31:43","guid":{"rendered":"https:\/\/blogdoedvaldomagalhaes.com.br\/?p=95472"},"modified":"2023-04-26T19:33:28","modified_gmt":"2023-04-26T22:33:28","slug":"jorge-quintino-solicita-voto-de-aplauso-a-dentista-que-criou-acao-voluntaria-para-atendimento-domiciliar","status":"publish","type":"post","link":"https:\/\/blogdoedvaldomagalhaes.com.br\/index.php\/2023\/04\/26\/jorge-quintino-solicita-voto-de-aplauso-a-dentista-que-criou-acao-voluntaria-para-atendimento-domiciliar\/","title":{"rendered":"Jorge Quintino solicita voto de aplauso a Dentista que criou a\u00e7\u00e3o volunt\u00e1ria para atendimento domiciliar"},"content":{"rendered":"<p style=\"text-align: justify;\"><span style=\"font-size: revert;\">O voto de aplauso que ser\u00e1 destinado a dentista Mariana Cordeiro, foi votado nesta ter\u00e7a-feira (25), durante a 22\u00aa Ordin\u00e1ria da 3\u00aa Sess\u00e3o Legislativa da 18\u00aa Legislatura. Uma a\u00e7\u00e3o social realizada na comunidade Vila Guilherme, na zona rural do Ju\u00e1, que foi acompanhado por um mission\u00e1rio e influenciador pernambucano e postado nas redes sociais ganhou a for\u00e7a do compartilhamento e chegou em na capital da Angola, em Luanda. Outrossim, a popula\u00e7\u00e3o encontrou no modelo de a\u00e7\u00e3o volunt\u00e1ria um caminho vi\u00e1vel para melhorar o acesso e simplificar o atendimento para cadeirantes, acamados e pessoas com necessidades especiais&nbsp;realizado no domic\u00edlio do paciente.<\/span><\/p>\n<p style=\"text-align: justify;\">A homenageada Mariana Cordeiro, estudou Odontologia em Recife na Faculdade de Odontologia de Pernambuco-UPE e chegou em Caruaru em meados de 2008 para dirigir uma grande rede de cl\u00ednicas odontol\u00f3gicas pernambucana. Em 2021, a mesma abriu sua pr\u00f3pria cl\u00ednica, a Teia Odontologia Integrada com um modelo moderno de estrutura, inova\u00e7\u00e3o e com bra\u00e7os para o cooperativismo, social e educacional.&nbsp;Atualmente, Dra.Mariana atua e oferece sua colabora\u00e7\u00e3o no Centro de Especialidades Odontol\u00f3gicas do nosso munic\u00edpio, onde conheceu bem a vasta rede de atendimento e suas demandas.<\/p>\n<p style=\"text-align: justify;\">\u201c\u00c9 extremamente importante valorizarmos e homenagearmos pessoas que realizam, a\u00e7\u00f5es volunt\u00e1rias na nossa querida cidade de Caruaru, favorecendo a sa\u00fade bucal de pessoas com necessidade especiais. Todavia, Dra.Mariana, ser\u00e1 portadora de uma doa\u00e7\u00e3o feita por uma ind\u00fastria brasileira de&nbsp;um Equipamento Odontol\u00f3gico Port\u00e1til e&nbsp;entregar\u00e1 para o Projeto Social Identidade para que a\u00e7\u00f5es semelhantes sejam realizadas em Luanda. Precisamos divulgar tais feitos, a fim de que, possam existir outras pessoas com a vontade de de ajudar e servir o pr\u00f3ximo com a mesma disponibilidade de Mariana\u201d, Vaticinou o vereador<\/p>\n<p style=\"text-align: justify;\">Siga o Instagram do Blog @blogdoedvaldomagalhaes.<\/p>\n\n\n<figure class=\"wp-block-image size-large\"><img loading=\"lazy\" decoding=\"async\" width=\"1024\" height=\"768\" src=\"https:\/\/blogdoedvaldomagalhaes.com.br\/wp-content\/uploads\/2023\/04\/A1107361-9795-4E6F-A5D6-7980360C57E7-1024x768.jpeg\" alt=\"\" class=\"wp-image-95475\" srcset=\"https:\/\/blogdoedvaldomagalhaes.com.br\/wp-content\/uploads\/2023\/04\/A1107361-9795-4E6F-A5D6-7980360C57E7-1024x768.jpeg 1024w, https:\/\/blogdoedvaldomagalhaes.com.br\/wp-content\/uploads\/2023\/04\/A1107361-9795-4E6F-A5D6-7980360C57E7-300x225.jpeg 300w, https:\/\/blogdoedvaldomagalhaes.com.br\/wp-content\/uploads\/2023\/04\/A1107361-9795-4E6F-A5D6-7980360C57E7-768x576.jpeg 768w, https:\/\/blogdoedvaldomagalhaes.com.br\/wp-content\/uploads\/2023\/04\/A1107361-9795-4E6F-A5D6-7980360C57E7-1536x1152.jpeg 1536w, https:\/\/blogdoedvaldomagalhaes.com.br\/wp-content\/uploads\/2023\/04\/A1107361-9795-4E6F-A5D6-7980360C57E7-160x120.jpeg 160w, https:\/\/blogdoedvaldomagalhaes.com.br\/wp-content\/uploads\/2023\/04\/A1107361-9795-4E6F-A5D6-7980360C57E7.jpeg 1600w\" sizes=\"auto, (max-width: 1024px) 100vw, 1024px\" \/><figcaption class=\"wp-element-caption\">Fotos: Divulga\u00e7\u00e3o <\/figcaption><\/figure>\n","protected":false},"excerpt":{"rendered":"<p>O voto de aplauso que ser\u00e1 destinado a dentista Mariana Cordeiro, foi votado nesta ter\u00e7a-feira (25), durante a 22\u00aa Ordin\u00e1ria&hellip;<\/p>\n","protected":false},"author":1,"featured_media":95473,"comment_status":"closed","ping_status":"open","sticky":false,"template":"","format":"standard","meta":{"footnotes":""},"categories":[14122],"tags":[2,19532,3406,27391,20295],"class_list":["post-95472","post","type-post","status-publish","format-standard","has-post-thumbnail","hentry","category-politica","tag-blog-do-edvaldo-magalhaes","tag-blog-mais-acessado-e-visualizado-de-caruaru-e-regiao","tag-caruaru","tag-jorge-quintino-solicita-voto-de-aplauso-a-dentista-que-criou-acao-voluntaria-para-atendimento-domiciliar","tag-politica-2"],"_links":{"self":[{"href":"https:\/\/blogdoedvaldomagalhaes.com.br\/index.php\/wp-json\/wp\/v2\/posts\/95472","targetHints":{"allow":["GET"]}}],"collection":[{"href":"https:\/\/blogdoedvaldomagalhaes.com.br\/index.php\/wp-json\/wp\/v2\/posts"}],"about":[{"href":"https:\/\/blogdoedvaldomagalhaes.com.br\/index.php\/wp-json\/wp\/v2\/types\/post"}],"author":[{"embeddable":true,"href":"https:\/\/blogdoedvaldomagalhaes.com.br\/index.php\/wp-json\/wp\/v2\/users\/1"}],"replies":[{"embeddable":true,"href":"https:\/\/blogdoedvaldomagalhaes.com.br\/index.php\/wp-json\/wp\/v2\/comments?post=95472"}],"version-history":[{"count":2,"href":"https:\/\/blogdoedvaldomagalhaes.com.br\/index.php\/wp-json\/wp\/v2\/posts\/95472\/revisions"}],"predecessor-version":[{"id":95476,"href":"https:\/\/blogdoedvaldomagalhaes.com.br\/index.php\/wp-json\/wp\/v2\/posts\/95472\/revisions\/95476"}],"wp:featuredmedia":[{"embeddable":true,"href":"https:\/\/blogdoedvaldomagalhaes.com.br\/index.php\/wp-json\/wp\/v2\/media\/95473"}],"wp:attachment":[{"href":"https:\/\/blogdoedvaldomagalhaes.com.br\/index.php\/wp-json\/wp\/v2\/media?parent=95472"}],"wp:term":[{"taxonomy":"category","embeddable":true,"href":"https:\/\/blogdoedvaldomagalhaes.com.br\/index.php\/wp-json\/wp\/v2\/categories?post=95472"},{"taxonomy":"post_tag","embeddable":true,"href":"https:\/\/blogdoedvaldomagalhaes.com.br\/index.php\/wp-json\/wp\/v2\/tags?post=95472"}],"curies":[{"name":"wp","href":"https:\/\/api.w.org\/{rel}","templated":true}]}}