{"id":95465,"date":"2023-04-26T18:29:05","date_gmt":"2023-04-26T21:29:05","guid":{"rendered":"https:\/\/blogdoedvaldomagalhaes.com.br\/?p=95465"},"modified":"2023-04-26T18:49:28","modified_gmt":"2023-04-26T21:49:28","slug":"apae-surubim-adquire-imovel-proprio","status":"publish","type":"post","link":"https:\/\/blogdoedvaldomagalhaes.com.br\/index.php\/2023\/04\/26\/apae-surubim-adquire-imovel-proprio\/","title":{"rendered":"Apae Surubim adquire im\u00f3vel pr\u00f3prio"},"content":{"rendered":"<p style=\"text-align: justify;\"><span style=\"font-size: revert;\">\u00c9 com muita alegria que a Federa\u00e7\u00e3o das Apaes de Pernambuco informa que atrav\u00e9s da parceria entre a Apae Brasil, Pernambuco da Sorte e a Federa\u00e7\u00e3o das Apaes de Pernambuco, a Apae Surubim conseguiu adquirir a sua sede pr\u00f3pria. O im\u00f3vel que antes era alugado foi adquirido mediante projeto enviado e aprovado pela Aplicap. O im\u00f3vel adquirido j\u00e1 \u00e9 o local onde funciona a Apae Surubim que fica localizado \u00e0s margens da PE 90, no S\u00edtio Gameleira, em Surubim.<\/span><\/p>\n<p style=\"text-align: justify;\">A Apae de Surubim foi fundada em janeiro de 2017 e atende atualmente mais de 100 crian\u00e7as nas \u00e1reas de fisioterapia, fonoaudiologia, psicologia, psicopedagogia e terapia ocupacional.<\/p>\n<p>Siga o Instagram do Blog @blogdoedvaldomagalhaes<\/p>\n\n\n<figure class=\"wp-block-image size-large\"><img loading=\"lazy\" decoding=\"async\" width=\"859\" height=\"1024\" src=\"https:\/\/blogdoedvaldomagalhaes.com.br\/wp-content\/uploads\/2023\/04\/117F94F8-3652-43AB-8E47-83EE896EEFC8-859x1024.jpeg\" alt=\"\" class=\"wp-image-95468\" srcset=\"https:\/\/blogdoedvaldomagalhaes.com.br\/wp-content\/uploads\/2023\/04\/117F94F8-3652-43AB-8E47-83EE896EEFC8-859x1024.jpeg 859w, https:\/\/blogdoedvaldomagalhaes.com.br\/wp-content\/uploads\/2023\/04\/117F94F8-3652-43AB-8E47-83EE896EEFC8-252x300.jpeg 252w, https:\/\/blogdoedvaldomagalhaes.com.br\/wp-content\/uploads\/2023\/04\/117F94F8-3652-43AB-8E47-83EE896EEFC8-768x915.jpeg 768w, https:\/\/blogdoedvaldomagalhaes.com.br\/wp-content\/uploads\/2023\/04\/117F94F8-3652-43AB-8E47-83EE896EEFC8.jpeg 1080w\" sizes=\"auto, (max-width: 859px) 100vw, 859px\" \/><\/figure>\n\n\n\n<figure class=\"wp-block-image size-large\"><img loading=\"lazy\" decoding=\"async\" width=\"842\" height=\"1024\" src=\"https:\/\/blogdoedvaldomagalhaes.com.br\/wp-content\/uploads\/2023\/04\/A16D4484-D348-437D-8D2C-FC09FABF85F7-842x1024.jpeg\" alt=\"\" class=\"wp-image-95470\" srcset=\"https:\/\/blogdoedvaldomagalhaes.com.br\/wp-content\/uploads\/2023\/04\/A16D4484-D348-437D-8D2C-FC09FABF85F7-842x1024.jpeg 842w, https:\/\/blogdoedvaldomagalhaes.com.br\/wp-content\/uploads\/2023\/04\/A16D4484-D348-437D-8D2C-FC09FABF85F7-247x300.jpeg 247w, https:\/\/blogdoedvaldomagalhaes.com.br\/wp-content\/uploads\/2023\/04\/A16D4484-D348-437D-8D2C-FC09FABF85F7-768x934.jpeg 768w, https:\/\/blogdoedvaldomagalhaes.com.br\/wp-content\/uploads\/2023\/04\/A16D4484-D348-437D-8D2C-FC09FABF85F7.jpeg 1080w\" sizes=\"auto, (max-width: 842px) 100vw, 842px\" \/><figcaption class=\"wp-element-caption\">Fotos: Divulga\u00e7\u00e3o <\/figcaption><\/figure>\n","protected":false},"excerpt":{"rendered":"<p>\u00c9 com muita alegria que a Federa\u00e7\u00e3o das Apaes de Pernambuco informa que atrav\u00e9s da parceria entre a Apae Brasil,&hellip;<\/p>\n","protected":false},"author":1,"featured_media":95466,"comment_status":"closed","ping_status":"open","sticky":false,"template":"","format":"standard","meta":{"footnotes":""},"categories":[14120],"tags":[27390,2,19532,3406],"class_list":["post-95465","post","type-post","status-publish","format-standard","has-post-thumbnail","hentry","category-noticias","tag-apae-surubim-adquire-imovel-proprio","tag-blog-do-edvaldo-magalhaes","tag-blog-mais-acessado-e-visualizado-de-caruaru-e-regiao","tag-caruaru"],"_links":{"self":[{"href":"https:\/\/blogdoedvaldomagalhaes.com.br\/index.php\/wp-json\/wp\/v2\/posts\/95465","targetHints":{"allow":["GET"]}}],"collection":[{"href":"https:\/\/blogdoedvaldomagalhaes.com.br\/index.php\/wp-json\/wp\/v2\/posts"}],"about":[{"href":"https:\/\/blogdoedvaldomagalhaes.com.br\/index.php\/wp-json\/wp\/v2\/types\/post"}],"author":[{"embeddable":true,"href":"https:\/\/blogdoedvaldomagalhaes.com.br\/index.php\/wp-json\/wp\/v2\/users\/1"}],"replies":[{"embeddable":true,"href":"https:\/\/blogdoedvaldomagalhaes.com.br\/index.php\/wp-json\/wp\/v2\/comments?post=95465"}],"version-history":[{"count":3,"href":"https:\/\/blogdoedvaldomagalhaes.com.br\/index.php\/wp-json\/wp\/v2\/posts\/95465\/revisions"}],"predecessor-version":[{"id":95471,"href":"https:\/\/blogdoedvaldomagalhaes.com.br\/index.php\/wp-json\/wp\/v2\/posts\/95465\/revisions\/95471"}],"wp:featuredmedia":[{"embeddable":true,"href":"https:\/\/blogdoedvaldomagalhaes.com.br\/index.php\/wp-json\/wp\/v2\/media\/95466"}],"wp:attachment":[{"href":"https:\/\/blogdoedvaldomagalhaes.com.br\/index.php\/wp-json\/wp\/v2\/media?parent=95465"}],"wp:term":[{"taxonomy":"category","embeddable":true,"href":"https:\/\/blogdoedvaldomagalhaes.com.br\/index.php\/wp-json\/wp\/v2\/categories?post=95465"},{"taxonomy":"post_tag","embeddable":true,"href":"https:\/\/blogdoedvaldomagalhaes.com.br\/index.php\/wp-json\/wp\/v2\/tags?post=95465"}],"curies":[{"name":"wp","href":"https:\/\/api.w.org\/{rel}","templated":true}]}}