{"id":95462,"date":"2023-04-26T17:35:26","date_gmt":"2023-04-26T20:35:26","guid":{"rendered":"https:\/\/blogdoedvaldomagalhaes.com.br\/?p=95462"},"modified":"2023-04-26T17:35:29","modified_gmt":"2023-04-26T20:35:29","slug":"confira-a-programacao-da-comemoracao-do-dia-do-trabalho-no-sintracon-caruaru","status":"publish","type":"post","link":"https:\/\/blogdoedvaldomagalhaes.com.br\/index.php\/2023\/04\/26\/confira-a-programacao-da-comemoracao-do-dia-do-trabalho-no-sintracon-caruaru\/","title":{"rendered":"Confira a programa\u00e7\u00e3o da comemora\u00e7\u00e3o do Dia do Trabalho no Sintracon Caruaru"},"content":{"rendered":"<p style=\"text-align: justify;\"><span style=\"font-size: revert; color: initial;\">O Sintracon Caruaru e Movimento Lutas de Classe realizam a comemora\u00e7\u00e3o do Dia Internacional do Trabalhador, segunda-feira dia 1\u00b0 de maio.<\/span><\/p>\n<p style=\"text-align: justify;\">O evento vai acontecer a partir das 9h, na rua Afonso Celso, 25, bairro S\u00e3o Francisco, na frente da sede do Sindicato da Constru\u00e7\u00e3o Civil de Caruaru &#8211; Sintracon.<\/p>\n<p style=\"text-align: justify;\">As atra\u00e7\u00f5es s\u00e3o: shows com D\u00e9cio Luiz e banda, Costa Junior e teclados, uma grupo de pagode; feijoada gratuita, filme sobre a hist\u00f3ria do Dia 1\u00b0 de Maio, e bingo.<\/p>\n<p style=\"text-align: justify;\">Todos os trabalhadores \u00e9 sindicatos, est\u00e3o convidados para comparecerem.<\/p>\n<p style=\"text-align: justify;\">Siga o Instagram do Blog @blogdoedvaldomagalhaes<\/p>\n","protected":false},"excerpt":{"rendered":"<p>O Sintracon Caruaru e Movimento Lutas de Classe realizam a comemora\u00e7\u00e3o do Dia Internacional do Trabalhador, segunda-feira dia 1\u00b0 de&hellip;<\/p>\n","protected":false},"author":1,"featured_media":95463,"comment_status":"closed","ping_status":"open","sticky":false,"template":"","format":"standard","meta":{"footnotes":""},"categories":[14120],"tags":[2,19532,3406,27389],"class_list":["post-95462","post","type-post","status-publish","format-standard","has-post-thumbnail","hentry","category-noticias","tag-blog-do-edvaldo-magalhaes","tag-blog-mais-acessado-e-visualizado-de-caruaru-e-regiao","tag-caruaru","tag-confira-a-programacao-da-comemoracao-do-dia-do-trabalho-no-sintracon-caruaru"],"_links":{"self":[{"href":"https:\/\/blogdoedvaldomagalhaes.com.br\/index.php\/wp-json\/wp\/v2\/posts\/95462","targetHints":{"allow":["GET"]}}],"collection":[{"href":"https:\/\/blogdoedvaldomagalhaes.com.br\/index.php\/wp-json\/wp\/v2\/posts"}],"about":[{"href":"https:\/\/blogdoedvaldomagalhaes.com.br\/index.php\/wp-json\/wp\/v2\/types\/post"}],"author":[{"embeddable":true,"href":"https:\/\/blogdoedvaldomagalhaes.com.br\/index.php\/wp-json\/wp\/v2\/users\/1"}],"replies":[{"embeddable":true,"href":"https:\/\/blogdoedvaldomagalhaes.com.br\/index.php\/wp-json\/wp\/v2\/comments?post=95462"}],"version-history":[{"count":1,"href":"https:\/\/blogdoedvaldomagalhaes.com.br\/index.php\/wp-json\/wp\/v2\/posts\/95462\/revisions"}],"predecessor-version":[{"id":95464,"href":"https:\/\/blogdoedvaldomagalhaes.com.br\/index.php\/wp-json\/wp\/v2\/posts\/95462\/revisions\/95464"}],"wp:featuredmedia":[{"embeddable":true,"href":"https:\/\/blogdoedvaldomagalhaes.com.br\/index.php\/wp-json\/wp\/v2\/media\/95463"}],"wp:attachment":[{"href":"https:\/\/blogdoedvaldomagalhaes.com.br\/index.php\/wp-json\/wp\/v2\/media?parent=95462"}],"wp:term":[{"taxonomy":"category","embeddable":true,"href":"https:\/\/blogdoedvaldomagalhaes.com.br\/index.php\/wp-json\/wp\/v2\/categories?post=95462"},{"taxonomy":"post_tag","embeddable":true,"href":"https:\/\/blogdoedvaldomagalhaes.com.br\/index.php\/wp-json\/wp\/v2\/tags?post=95462"}],"curies":[{"name":"wp","href":"https:\/\/api.w.org\/{rel}","templated":true}]}}