{"id":95458,"date":"2023-04-26T17:18:24","date_gmt":"2023-04-26T20:18:24","guid":{"rendered":"https:\/\/blogdoedvaldomagalhaes.com.br\/?p=95458"},"modified":"2023-04-26T17:18:25","modified_gmt":"2023-04-26T20:18:25","slug":"maior-evento-de-tenis-de-mesa-e-retomado-apos-21-anos-no-agreste-de-pernambuco","status":"publish","type":"post","link":"https:\/\/blogdoedvaldomagalhaes.com.br\/index.php\/2023\/04\/26\/maior-evento-de-tenis-de-mesa-e-retomado-apos-21-anos-no-agreste-de-pernambuco\/","title":{"rendered":"Maior evento de T\u00eanis de Mesa \u00e9 retomado ap\u00f3s 21 anos no Agreste de Pernambuco"},"content":{"rendered":"<p style=\"text-align: justify;\"><span style=\"font-size: revert; color: initial;\">Atletas e iniciantes de t\u00eanis de mesa t\u00eam uma boa not\u00edcia. Depois de 21 anos, o Circuito Ibra de T\u00eanis de Mesa retoma ao interior de Pernambuco, com o objetivo de fomentar o esporte na regi\u00e3o. As etapas ser\u00e3o realizadas na sede da Academia Ibra, em Caruaru, e eventualmente em gin\u00e1sios de espa\u00e7os parceiros.<\/span><\/p>\n<p style=\"text-align: justify;\">O lan\u00e7amento da 5\u00aa edi\u00e7\u00e3o do evento (o circuito j\u00e1 aconteceu em 1999, 2000, 2001 e 2002) aconteceu nesta quarta-feira (26\/04) na sede da Ibra, \u00e0s 8h, durante coletiva de imprensa, e contou com a presen\u00e7a do maior \u00eddolo da hist\u00f3ria do t\u00eanis de mesa brasileiro, Hugo Hoyama, 10 vezes campe\u00e3o Pan-Americano e oito Olimp\u00edadas disputadas, que tamb\u00e9m ser\u00e1 o garoto propaganda do circuito.<br \/><br \/>As prioridades nas inscri\u00e7\u00f5es ser\u00e3o dos atletas iniciantes (prim\u00e1rios), a partir de 6 anos de idade, at\u00e9 os veteranos. Atletas federados tamb\u00e9m ter\u00e3o a oportunidade de mostrarem seu talento. Ao todo ser\u00e3o seis etapas al\u00e9m da etapa final. As competi\u00e7\u00f5es come\u00e7am em junho e a \u00faltima rodada ser\u00e1 em dezembro de 2023.<\/p>\n<p style=\"text-align: justify;\">As inscri\u00e7\u00f5es para primeira etapa come\u00e7am de 1\u00ba a 20 de maio, atrav\u00e9s do site: www.ibratt.com\/circuito e ser\u00e1 realizada entre os dias 2 e 4 de junho. Os valores para federados ser\u00e3o de R$ 50 e R$ 30 para iniciantes.<\/p>\n\n\n<figure class=\"wp-block-image size-large\"><img loading=\"lazy\" decoding=\"async\" width=\"1024\" height=\"682\" src=\"https:\/\/blogdoedvaldomagalhaes.com.br\/wp-content\/uploads\/2023\/04\/IMG-20230426-WA0196-1024x682.jpg\" alt=\"\" class=\"wp-image-95460\" srcset=\"https:\/\/blogdoedvaldomagalhaes.com.br\/wp-content\/uploads\/2023\/04\/IMG-20230426-WA0196-1024x682.jpg 1024w, https:\/\/blogdoedvaldomagalhaes.com.br\/wp-content\/uploads\/2023\/04\/IMG-20230426-WA0196-300x200.jpg 300w, https:\/\/blogdoedvaldomagalhaes.com.br\/wp-content\/uploads\/2023\/04\/IMG-20230426-WA0196-768x512.jpg 768w, https:\/\/blogdoedvaldomagalhaes.com.br\/wp-content\/uploads\/2023\/04\/IMG-20230426-WA0196-1536x1023.jpg 1536w, https:\/\/blogdoedvaldomagalhaes.com.br\/wp-content\/uploads\/2023\/04\/IMG-20230426-WA0196.jpg 1600w\" sizes=\"auto, (max-width: 1024px) 100vw, 1024px\" \/><figcaption class=\"wp-element-caption\">Fotos: Divulga\u00e7\u00e3o<\/figcaption><\/figure>\n","protected":false},"excerpt":{"rendered":"<p>Atletas e iniciantes de t\u00eanis de mesa t\u00eam uma boa not\u00edcia. Depois de 21 anos, o Circuito Ibra de T\u00eanis&hellip;<\/p>\n","protected":false},"author":1,"featured_media":95459,"comment_status":"closed","ping_status":"open","sticky":false,"template":"","format":"standard","meta":{"footnotes":""},"categories":[14120],"tags":[2,19532,3406,27388],"class_list":["post-95458","post","type-post","status-publish","format-standard","has-post-thumbnail","hentry","category-noticias","tag-blog-do-edvaldo-magalhaes","tag-blog-mais-acessado-e-visualizado-de-caruaru-e-regiao","tag-caruaru","tag-maior-evento-de-tenis-de-mesa-e-retomado-apos-21-anos-no-agreste-de-pernambuco"],"_links":{"self":[{"href":"https:\/\/blogdoedvaldomagalhaes.com.br\/index.php\/wp-json\/wp\/v2\/posts\/95458","targetHints":{"allow":["GET"]}}],"collection":[{"href":"https:\/\/blogdoedvaldomagalhaes.com.br\/index.php\/wp-json\/wp\/v2\/posts"}],"about":[{"href":"https:\/\/blogdoedvaldomagalhaes.com.br\/index.php\/wp-json\/wp\/v2\/types\/post"}],"author":[{"embeddable":true,"href":"https:\/\/blogdoedvaldomagalhaes.com.br\/index.php\/wp-json\/wp\/v2\/users\/1"}],"replies":[{"embeddable":true,"href":"https:\/\/blogdoedvaldomagalhaes.com.br\/index.php\/wp-json\/wp\/v2\/comments?post=95458"}],"version-history":[{"count":1,"href":"https:\/\/blogdoedvaldomagalhaes.com.br\/index.php\/wp-json\/wp\/v2\/posts\/95458\/revisions"}],"predecessor-version":[{"id":95461,"href":"https:\/\/blogdoedvaldomagalhaes.com.br\/index.php\/wp-json\/wp\/v2\/posts\/95458\/revisions\/95461"}],"wp:featuredmedia":[{"embeddable":true,"href":"https:\/\/blogdoedvaldomagalhaes.com.br\/index.php\/wp-json\/wp\/v2\/media\/95459"}],"wp:attachment":[{"href":"https:\/\/blogdoedvaldomagalhaes.com.br\/index.php\/wp-json\/wp\/v2\/media?parent=95458"}],"wp:term":[{"taxonomy":"category","embeddable":true,"href":"https:\/\/blogdoedvaldomagalhaes.com.br\/index.php\/wp-json\/wp\/v2\/categories?post=95458"},{"taxonomy":"post_tag","embeddable":true,"href":"https:\/\/blogdoedvaldomagalhaes.com.br\/index.php\/wp-json\/wp\/v2\/tags?post=95458"}],"curies":[{"name":"wp","href":"https:\/\/api.w.org\/{rel}","templated":true}]}}