{"id":95323,"date":"2023-04-22T22:29:58","date_gmt":"2023-04-23T01:29:58","guid":{"rendered":"https:\/\/blogdoedvaldomagalhaes.com.br\/?p=95323"},"modified":"2023-04-22T22:29:59","modified_gmt":"2023-04-23T01:29:59","slug":"dupla-e-presa-com-estufa-caseira-de-maconha-em-petrolina","status":"publish","type":"post","link":"https:\/\/blogdoedvaldomagalhaes.com.br\/index.php\/2023\/04\/22\/dupla-e-presa-com-estufa-caseira-de-maconha-em-petrolina\/","title":{"rendered":"Dupla \u00e9 presa com estufa caseira de maconha, em Petrolina"},"content":{"rendered":"<p style=\"text-align: justify;\"><span style=\"color: initial; font-size: revert;\">Dois homens foram presos, sexta-feira(21), por policiais militares do 2\u00ba BIEsp, em Petrolina. O efetivo recebeu informa\u00e7\u00f5es de que em uma casa no bairro Vila Eul\u00e1lia estava ocorrendo tr\u00e1fico de entorpecentes e que a vizinhan\u00e7a reclamava do forte odor de maconha. Ao chegar no endere\u00e7o, os policiais identificaram a dupla em frente \u00e0 resid\u00eancia e encontraram com um deles um inv\u00f3lucro com a erva. Foram localizados no interior do im\u00f3vel uma estufa caseira com cerca de 50 p\u00e9s de maconha, 618g da mesma droga embalada para venda, duas balan\u00e7as de precis\u00e3o e um caderno de anota\u00e7\u00f5es com a movimenta\u00e7\u00e3o do tr\u00e1fico. <\/span><\/p>\n<p style=\"text-align: justify;\"><span style=\"color: initial; font-size: revert;\">Diante dos fatos, os envolvidos, juntamente com o material il\u00edcito, foram encaminhados \u00e0 Delegacia de Plant\u00e3o para ado\u00e7\u00e3o das medidas legais cab\u00edveis. Foto: Divulga\u00e7\u00e3o\/PMPE.<\/span><\/p>\n<p style=\"text-align: justify;\">Siga o Instagram do Blog @blogdoedvaldomagalhaes<\/p>\n","protected":false},"excerpt":{"rendered":"<p>Dois homens foram presos, sexta-feira(21), por policiais militares do 2\u00ba BIEsp, em Petrolina. O efetivo recebeu informa\u00e7\u00f5es de que em&hellip;<\/p>\n","protected":false},"author":1,"featured_media":95324,"comment_status":"closed","ping_status":"open","sticky":false,"template":"","format":"standard","meta":{"footnotes":""},"categories":[14120],"tags":[2,19532,3406,27330,27331],"class_list":["post-95323","post","type-post","status-publish","format-standard","has-post-thumbnail","hentry","category-noticias","tag-blog-do-edvaldo-magalhaes","tag-blog-mais-acessado-e-visualizado-de-caruaru-e-regiao","tag-caruaru","tag-dupla-e-presa-com-estufa-caseira-de-maconha-em-petrolina","tag-sertao"],"_links":{"self":[{"href":"https:\/\/blogdoedvaldomagalhaes.com.br\/index.php\/wp-json\/wp\/v2\/posts\/95323","targetHints":{"allow":["GET"]}}],"collection":[{"href":"https:\/\/blogdoedvaldomagalhaes.com.br\/index.php\/wp-json\/wp\/v2\/posts"}],"about":[{"href":"https:\/\/blogdoedvaldomagalhaes.com.br\/index.php\/wp-json\/wp\/v2\/types\/post"}],"author":[{"embeddable":true,"href":"https:\/\/blogdoedvaldomagalhaes.com.br\/index.php\/wp-json\/wp\/v2\/users\/1"}],"replies":[{"embeddable":true,"href":"https:\/\/blogdoedvaldomagalhaes.com.br\/index.php\/wp-json\/wp\/v2\/comments?post=95323"}],"version-history":[{"count":1,"href":"https:\/\/blogdoedvaldomagalhaes.com.br\/index.php\/wp-json\/wp\/v2\/posts\/95323\/revisions"}],"predecessor-version":[{"id":95325,"href":"https:\/\/blogdoedvaldomagalhaes.com.br\/index.php\/wp-json\/wp\/v2\/posts\/95323\/revisions\/95325"}],"wp:featuredmedia":[{"embeddable":true,"href":"https:\/\/blogdoedvaldomagalhaes.com.br\/index.php\/wp-json\/wp\/v2\/media\/95324"}],"wp:attachment":[{"href":"https:\/\/blogdoedvaldomagalhaes.com.br\/index.php\/wp-json\/wp\/v2\/media?parent=95323"}],"wp:term":[{"taxonomy":"category","embeddable":true,"href":"https:\/\/blogdoedvaldomagalhaes.com.br\/index.php\/wp-json\/wp\/v2\/categories?post=95323"},{"taxonomy":"post_tag","embeddable":true,"href":"https:\/\/blogdoedvaldomagalhaes.com.br\/index.php\/wp-json\/wp\/v2\/tags?post=95323"}],"curies":[{"name":"wp","href":"https:\/\/api.w.org\/{rel}","templated":true}]}}