{"id":95317,"date":"2023-04-22T14:47:07","date_gmt":"2023-04-22T17:47:07","guid":{"rendered":"https:\/\/blogdoedvaldomagalhaes.com.br\/?p=95317"},"modified":"2023-04-22T14:50:08","modified_gmt":"2023-04-22T17:50:08","slug":"dois-homens-presos-por-trafico-em-sao-lourenco-da-mata","status":"publish","type":"post","link":"https:\/\/blogdoedvaldomagalhaes.com.br\/index.php\/2023\/04\/22\/dois-homens-presos-por-trafico-em-sao-lourenco-da-mata\/","title":{"rendered":"Dois homens presos por tr\u00e1fico, em S\u00e3o Louren\u00e7o da Mata"},"content":{"rendered":"<p style=\"text-align: justify;\"><span style=\"font-size: revert; color: initial;\">Policiais militares prenderam dois homens, sexta-feira(21), no Condom\u00ednio Guilherme Uchoa, na Rua Alzemira Peixoto, bairro Rosina Branca, em S\u00e3o Louren\u00e7o da Mata. <\/span><\/p>\n<p style=\"text-align: justify;\"><span style=\"font-size: revert; color: initial;\">O efetivo recebeu informa\u00e7\u00f5es sobre o tr\u00e1fico de entorpecentes que estava ocorrendo no local e constatou a veracidade das informa\u00e7\u00f5es ao fazer a checagem. Os suspeitos admitiram estar comercializando as drogas e revelaram o local onde escondiam um tablete pesando cerca de 650g e outros 450 big bigs de maconha, 148g de crack, quatro balan\u00e7as de precis\u00e3o e 30 muni\u00e7\u00f5es de calibre .38. <\/span><\/p>\n<p style=\"text-align: justify;\"><span style=\"font-size: revert; color: initial;\">Os envolvidos foram apresentados na Delegacia de Camaragibe, onde foram tomadas as provid\u00eancias legais. Foto: Divulga\u00e7\u00e3o\/PMPE.<\/span><\/p>\n<p style=\"text-align: justify;\">Siga o Instagram do Blog @blogdoedvaldomagalhaes<\/p>\n","protected":false},"excerpt":{"rendered":"<p>Policiais militares prenderam dois homens, sexta-feira(21), no Condom\u00ednio Guilherme Uchoa, na Rua Alzemira Peixoto, bairro Rosina Branca, em S\u00e3o Louren\u00e7o&hellip;<\/p>\n","protected":false},"author":1,"featured_media":95320,"comment_status":"closed","ping_status":"open","sticky":false,"template":"","format":"standard","meta":{"footnotes":""},"categories":[14121],"tags":[2,19532,3406,27329],"class_list":["post-95317","post","type-post","status-publish","format-standard","has-post-thumbnail","hentry","category-policial","tag-blog-do-edvaldo-magalhaes","tag-blog-mais-acessado-e-visualizado-de-caruaru-e-regiao","tag-caruaru","tag-dois-homens-presos-por-trafico-em-sao-lourenco-da-mata"],"_links":{"self":[{"href":"https:\/\/blogdoedvaldomagalhaes.com.br\/index.php\/wp-json\/wp\/v2\/posts\/95317","targetHints":{"allow":["GET"]}}],"collection":[{"href":"https:\/\/blogdoedvaldomagalhaes.com.br\/index.php\/wp-json\/wp\/v2\/posts"}],"about":[{"href":"https:\/\/blogdoedvaldomagalhaes.com.br\/index.php\/wp-json\/wp\/v2\/types\/post"}],"author":[{"embeddable":true,"href":"https:\/\/blogdoedvaldomagalhaes.com.br\/index.php\/wp-json\/wp\/v2\/users\/1"}],"replies":[{"embeddable":true,"href":"https:\/\/blogdoedvaldomagalhaes.com.br\/index.php\/wp-json\/wp\/v2\/comments?post=95317"}],"version-history":[{"count":2,"href":"https:\/\/blogdoedvaldomagalhaes.com.br\/index.php\/wp-json\/wp\/v2\/posts\/95317\/revisions"}],"predecessor-version":[{"id":95322,"href":"https:\/\/blogdoedvaldomagalhaes.com.br\/index.php\/wp-json\/wp\/v2\/posts\/95317\/revisions\/95322"}],"wp:featuredmedia":[{"embeddable":true,"href":"https:\/\/blogdoedvaldomagalhaes.com.br\/index.php\/wp-json\/wp\/v2\/media\/95320"}],"wp:attachment":[{"href":"https:\/\/blogdoedvaldomagalhaes.com.br\/index.php\/wp-json\/wp\/v2\/media?parent=95317"}],"wp:term":[{"taxonomy":"category","embeddable":true,"href":"https:\/\/blogdoedvaldomagalhaes.com.br\/index.php\/wp-json\/wp\/v2\/categories?post=95317"},{"taxonomy":"post_tag","embeddable":true,"href":"https:\/\/blogdoedvaldomagalhaes.com.br\/index.php\/wp-json\/wp\/v2\/tags?post=95317"}],"curies":[{"name":"wp","href":"https:\/\/api.w.org\/{rel}","templated":true}]}}