{"id":95274,"date":"2023-04-20T17:34:36","date_gmt":"2023-04-20T20:34:36","guid":{"rendered":"https:\/\/blogdoedvaldomagalhaes.com.br\/?p=95274"},"modified":"2023-04-20T17:34:37","modified_gmt":"2023-04-20T20:34:37","slug":"anderson-correia-articula-visita-de-rodrigo-pinheiro-ao-icia-para-fortalecer-habilitacao-do-instituto-no-sus","status":"publish","type":"post","link":"https:\/\/blogdoedvaldomagalhaes.com.br\/index.php\/2023\/04\/20\/anderson-correia-articula-visita-de-rodrigo-pinheiro-ao-icia-para-fortalecer-habilitacao-do-instituto-no-sus\/","title":{"rendered":"Anderson Correia articula visita de Rodrigo Pinheiro ao ICIA para fortalecer habilita\u00e7\u00e3o do Instituto no SUS"},"content":{"rendered":"<p style=\"text-align: justify;\"><span style=\"color: initial; font-size: revert;\">O vereador Anderson Correia (PP) segue buscando a habilita\u00e7\u00e3o do Instituto do C\u00e2ncer Infantil do Agreste \u2013 ICIA no SUS. Desta vez, o parlamentar articulou a visita do prefeito de Caruaru, Rodrigo Pinheiro, que esteve ao lado de outros vereadores e secret\u00e1rios, visitando a institui\u00e7\u00e3o, onde se reuniu com a diretoria do ICIA para levantar meios e estrat\u00e9gias com o intuito de fortalecer a habilita\u00e7\u00e3o do Instituto no Sistema \u00danico de Sa\u00fade.<\/span><\/p>\n<p style=\"text-align: justify;\">Anderson Correia, o prefeito Rodrigo Pinheiro e toda comitiva visitaram as depend\u00eancias do ICIA, conhecendo toda estrutura e, em especial, os leitos de UTI, que devem beneficiar diversas crian\u00e7as e adolescentes v\u00edtimas do c\u00e2ncer n\u00e3o s\u00f3 em Caruaru, mas em todo o Estado. Na ocasi\u00e3o, o prefeito anunciou obras que ser\u00e3o realizadas no entorno do ICIA, como ruas cal\u00e7adas, sistema de drenagem, entre outras solicita\u00e7\u00f5es estruturais, comemoradas por Anderson.<\/p>\n<p style=\"text-align: justify;\">\u201cLutar por conquistas para o ICIA \u00e9 um grande prazer, diante do que essa institui\u00e7\u00e3o representa para toda sociedade pernambucana. A visita do prefeito hoje s\u00f3 fortalece mais ainda nosso pleito pela habilita\u00e7\u00e3o do ICIA no SUS, algo que estamos buscando desde o in\u00edcio do nosso mandato, e que vem avan\u00e7ando para ser conclu\u00eddo. Rodrigo vai nos ajudar neste feito t\u00e3o importante, al\u00e9m de contribuir pra outras conquistas a n\u00edvel estrutural, como a pavimenta\u00e7\u00e3o das ruas no entorno do instituto, atendendo aos nossos requerimentos, em comemora\u00e7\u00e3o aos 20 anos do ICIA\u201d, destacou o edil.<\/p>\n<p style=\"text-align: justify;\">Foto: Divulga\u00e7\u00e3o.<\/p>\n<p style=\"text-align: justify;\">Siga o Instagram do Blog @blogdoedvaldomagalhaes<\/p>\n","protected":false},"excerpt":{"rendered":"<p>O vereador Anderson Correia (PP) segue buscando a habilita\u00e7\u00e3o do Instituto do C\u00e2ncer Infantil do Agreste \u2013 ICIA no SUS.&hellip;<\/p>\n","protected":false},"author":1,"featured_media":95275,"comment_status":"closed","ping_status":"open","sticky":false,"template":"","format":"standard","meta":{"footnotes":""},"categories":[14122],"tags":[27306,2,19532,3406,20],"class_list":["post-95274","post","type-post","status-publish","format-standard","has-post-thumbnail","hentry","category-politica","tag-anderson-correia-articula-visita-de-rodrigo-pinheiro-ao-icia-para-fortalecer-habilitacao-do-instituto-no-sus","tag-blog-do-edvaldo-magalhaes","tag-blog-mais-acessado-e-visualizado-de-caruaru-e-regiao","tag-caruaru","tag-politica"],"_links":{"self":[{"href":"https:\/\/blogdoedvaldomagalhaes.com.br\/index.php\/wp-json\/wp\/v2\/posts\/95274","targetHints":{"allow":["GET"]}}],"collection":[{"href":"https:\/\/blogdoedvaldomagalhaes.com.br\/index.php\/wp-json\/wp\/v2\/posts"}],"about":[{"href":"https:\/\/blogdoedvaldomagalhaes.com.br\/index.php\/wp-json\/wp\/v2\/types\/post"}],"author":[{"embeddable":true,"href":"https:\/\/blogdoedvaldomagalhaes.com.br\/index.php\/wp-json\/wp\/v2\/users\/1"}],"replies":[{"embeddable":true,"href":"https:\/\/blogdoedvaldomagalhaes.com.br\/index.php\/wp-json\/wp\/v2\/comments?post=95274"}],"version-history":[{"count":1,"href":"https:\/\/blogdoedvaldomagalhaes.com.br\/index.php\/wp-json\/wp\/v2\/posts\/95274\/revisions"}],"predecessor-version":[{"id":95276,"href":"https:\/\/blogdoedvaldomagalhaes.com.br\/index.php\/wp-json\/wp\/v2\/posts\/95274\/revisions\/95276"}],"wp:featuredmedia":[{"embeddable":true,"href":"https:\/\/blogdoedvaldomagalhaes.com.br\/index.php\/wp-json\/wp\/v2\/media\/95275"}],"wp:attachment":[{"href":"https:\/\/blogdoedvaldomagalhaes.com.br\/index.php\/wp-json\/wp\/v2\/media?parent=95274"}],"wp:term":[{"taxonomy":"category","embeddable":true,"href":"https:\/\/blogdoedvaldomagalhaes.com.br\/index.php\/wp-json\/wp\/v2\/categories?post=95274"},{"taxonomy":"post_tag","embeddable":true,"href":"https:\/\/blogdoedvaldomagalhaes.com.br\/index.php\/wp-json\/wp\/v2\/tags?post=95274"}],"curies":[{"name":"wp","href":"https:\/\/api.w.org\/{rel}","templated":true}]}}