{"id":95271,"date":"2023-04-20T17:25:39","date_gmt":"2023-04-20T20:25:39","guid":{"rendered":"https:\/\/blogdoedvaldomagalhaes.com.br\/?p=95271"},"modified":"2023-04-20T17:25:40","modified_gmt":"2023-04-20T20:25:40","slug":"vereador-mano-do-som-solicita-melhorias-no-transito-em-frente-a-escola","status":"publish","type":"post","link":"https:\/\/blogdoedvaldomagalhaes.com.br\/index.php\/2023\/04\/20\/vereador-mano-do-som-solicita-melhorias-no-transito-em-frente-a-escola\/","title":{"rendered":"Vereador Mano do Som solicita melhorias no tr\u00e2nsito em frente a escola"},"content":{"rendered":"<p style=\"text-align: justify;\">Vereador Mano do Som solicita a implementa\u00e7\u00e3o de faixa de pedestre e toda sinaliza\u00e7\u00e3o vertical e horizontal, na frente da Escola Amaro Matias, na avenida Major Jo\u00e3o Coelho, no bairro Rendeiras.<\/p>\n<p style=\"text-align: justify;\">\u201cEsse pleito visa, garantir o direito e a seguran\u00e7a dos pais, familiares, alunos e professores da Escola. Visto que, devido ao alto fluxo de ve\u00edculos da localidade e atrav\u00e9s de in\u00fameros abusos por parte dos condutores, vem ocorrendo diversos acidentes e atropelamentos na frente a da escola. Por isso, para garantir a todos os acima citados, maior seguran\u00e7a e garantia, \u00e9 necess\u00e1rio uma a\u00e7\u00e3o mais en\u00e9rgica por parte da Prefeitura de Caruaru e da AMTTC. Neste sentido, a presta\u00e7\u00e3o dos servi\u00e7os p\u00fablicos indicados nesta propositura, com a brevidade necess\u00e1ria, resultar\u00e1 na melhoria da qualidade de vida da popula\u00e7\u00e3o dessa comunidade, garantindo a dignidade da pessoa humana, maior conforto, seguran\u00e7a e harmonia para todos\u201d, afirmou Mano do Som.<\/p>\n<p style=\"text-align: justify;\">Siga o Instagram do Blog @blogdoedvaldomagalhaes<\/p>\n","protected":false},"excerpt":{"rendered":"<p>Vereador Mano do Som solicita a implementa\u00e7\u00e3o de faixa de pedestre e toda sinaliza\u00e7\u00e3o vertical e horizontal, na frente da&hellip;<\/p>\n","protected":false},"author":1,"featured_media":95272,"comment_status":"closed","ping_status":"open","sticky":false,"template":"","format":"standard","meta":{"footnotes":""},"categories":[14122],"tags":[2,19532,3406,20,27305],"class_list":["post-95271","post","type-post","status-publish","format-standard","has-post-thumbnail","hentry","category-politica","tag-blog-do-edvaldo-magalhaes","tag-blog-mais-acessado-e-visualizado-de-caruaru-e-regiao","tag-caruaru","tag-politica","tag-vereador-mano-do-som-solicita-melhorias-no-transito-em-frente-a-escola"],"_links":{"self":[{"href":"https:\/\/blogdoedvaldomagalhaes.com.br\/index.php\/wp-json\/wp\/v2\/posts\/95271","targetHints":{"allow":["GET"]}}],"collection":[{"href":"https:\/\/blogdoedvaldomagalhaes.com.br\/index.php\/wp-json\/wp\/v2\/posts"}],"about":[{"href":"https:\/\/blogdoedvaldomagalhaes.com.br\/index.php\/wp-json\/wp\/v2\/types\/post"}],"author":[{"embeddable":true,"href":"https:\/\/blogdoedvaldomagalhaes.com.br\/index.php\/wp-json\/wp\/v2\/users\/1"}],"replies":[{"embeddable":true,"href":"https:\/\/blogdoedvaldomagalhaes.com.br\/index.php\/wp-json\/wp\/v2\/comments?post=95271"}],"version-history":[{"count":1,"href":"https:\/\/blogdoedvaldomagalhaes.com.br\/index.php\/wp-json\/wp\/v2\/posts\/95271\/revisions"}],"predecessor-version":[{"id":95273,"href":"https:\/\/blogdoedvaldomagalhaes.com.br\/index.php\/wp-json\/wp\/v2\/posts\/95271\/revisions\/95273"}],"wp:featuredmedia":[{"embeddable":true,"href":"https:\/\/blogdoedvaldomagalhaes.com.br\/index.php\/wp-json\/wp\/v2\/media\/95272"}],"wp:attachment":[{"href":"https:\/\/blogdoedvaldomagalhaes.com.br\/index.php\/wp-json\/wp\/v2\/media?parent=95271"}],"wp:term":[{"taxonomy":"category","embeddable":true,"href":"https:\/\/blogdoedvaldomagalhaes.com.br\/index.php\/wp-json\/wp\/v2\/categories?post=95271"},{"taxonomy":"post_tag","embeddable":true,"href":"https:\/\/blogdoedvaldomagalhaes.com.br\/index.php\/wp-json\/wp\/v2\/tags?post=95271"}],"curies":[{"name":"wp","href":"https:\/\/api.w.org\/{rel}","templated":true}]}}