{"id":95266,"date":"2023-04-20T15:10:34","date_gmt":"2023-04-20T18:10:34","guid":{"rendered":"https:\/\/blogdoedvaldomagalhaes.com.br\/?p=95266"},"modified":"2023-04-20T15:10:36","modified_gmt":"2023-04-20T18:10:36","slug":"jorge-quintino-solicita-pl-para-que-professores-da-rede-municipal-recebam-tratamento-para-a-sindrome-de-burnout","status":"publish","type":"post","link":"https:\/\/blogdoedvaldomagalhaes.com.br\/index.php\/2023\/04\/20\/jorge-quintino-solicita-pl-para-que-professores-da-rede-municipal-recebam-tratamento-para-a-sindrome-de-burnout\/","title":{"rendered":"Jorge Quintino solicita PL para que professores da rede municipal recebam tratamento para a S\u00edndrome de Burnout"},"content":{"rendered":"<p style=\"text-align: justify;\"><span style=\"font-size: revert;\">Na tarde desta quinta-feira (20), ser\u00e1 realizada mais uma reuni\u00e3o ordin\u00e1ria na C\u00e2mara Municipal. Durante o momento, o vereador Jorge Quintino (Solidariedade) destacar\u00e1 um Projeto de Lei que estabelece apoio e tratamento para professores da rede municipal que possam estar sofrendo da S\u00edndrome de Burnout, assegurando sua sa\u00fade, dignidade e bem-estar, que \u00e9 direito fundamental de todos os cidad\u00e3os e deve ser tratada com a devida import\u00e2ncia e respeito.<\/span><\/p>\n<p style=\"text-align: justify;\">A s\u00edndrome \u00e9 um termo que descreve o estado de exaust\u00e3o prolongada e diminui\u00e7\u00e3o do interesse, sobretudo em rela\u00e7\u00e3o ao trabalho. O termo burnout (do ingl\u00eas combust\u00e3o completa) trata principalmente a sensa\u00e7\u00e3o de exaust\u00e3o da pessoa acometida. Ao determinar que o munic\u00edpio dar\u00e1 assist\u00eancia m\u00e9dica e psicol\u00f3gica aos professores portadores da s\u00edndrome, a proposta prev\u00ea uma avalia\u00e7\u00e3o dos professores e o acompanhamento do caso por &#8220;equipe multidisciplinar, composta por m\u00e9dicos, psiquiatras, psic\u00f3logos e assistentes sociais possibilitando o tratamento e o combate \u00e0s sequelas decorrentes da referida s\u00edndrome&#8221;, entre outras medidas. Como resultados desta exaust\u00e3o, podem surgir as frustra\u00e7\u00f5es emocionais, levando a sintomas psicossom\u00e1ticos como ins\u00f4nia, \u00falceras, dores, de cabe\u00e7a e hipertens\u00e3o, al\u00e9m de maior propens\u00e3o ao alcoolismo.<\/p>\n<p style=\"text-align: justify;\">\u201cA professora ou professor s\u00e3o um dos elementos estrat\u00e9gicos na promo\u00e7\u00e3o da educa\u00e7\u00e3o, sobretudo no ensino. Por conta disso, o bem-estar destes profissionais \u00e9 considerado por especialistas como um dos fatores que afetam a qualidade do ensino. Neste sentido, um dos problemas que mais tem afligido as educadoras e educadores, \u00e9 a S\u00edndrome de Burnout. Portanto, esse projeto de lei \u00e9 um primeiro passo dentre os muitos que precisar\u00e3o ser dados para pensarmos a sa\u00fade mental de todos os funcion\u00e1rios e funcion\u00e1rias p\u00fablicas municipais e a popula\u00e7\u00e3o em geral\u201d, vaticinou o vereador.<\/p>\n<p style=\"text-align: justify;\">O p\u00fablico poder\u00e1 acompanhar a Sess\u00e3o atrav\u00e9s das redes sociais, da TV C\u00e2mara, canal 22.2.<\/p>\n<p>Foto: Vladimir Barreto.<\/p>\n","protected":false},"excerpt":{"rendered":"<p>Na tarde desta quinta-feira (20), ser\u00e1 realizada mais uma reuni\u00e3o ordin\u00e1ria na C\u00e2mara Municipal. Durante o momento, o vereador Jorge&hellip;<\/p>\n","protected":false},"author":1,"featured_media":95267,"comment_status":"closed","ping_status":"open","sticky":false,"template":"","format":"standard","meta":{"footnotes":""},"categories":[14122],"tags":[2,19532,3406,27304,20295],"class_list":["post-95266","post","type-post","status-publish","format-standard","has-post-thumbnail","hentry","category-politica","tag-blog-do-edvaldo-magalhaes","tag-blog-mais-acessado-e-visualizado-de-caruaru-e-regiao","tag-caruaru","tag-jorge-quintino-solicita-pl-para-que-professores-da-rede-municipal-recebam-tratamento-para-a-sindrome-de-burnout","tag-politica-2"],"_links":{"self":[{"href":"https:\/\/blogdoedvaldomagalhaes.com.br\/index.php\/wp-json\/wp\/v2\/posts\/95266","targetHints":{"allow":["GET"]}}],"collection":[{"href":"https:\/\/blogdoedvaldomagalhaes.com.br\/index.php\/wp-json\/wp\/v2\/posts"}],"about":[{"href":"https:\/\/blogdoedvaldomagalhaes.com.br\/index.php\/wp-json\/wp\/v2\/types\/post"}],"author":[{"embeddable":true,"href":"https:\/\/blogdoedvaldomagalhaes.com.br\/index.php\/wp-json\/wp\/v2\/users\/1"}],"replies":[{"embeddable":true,"href":"https:\/\/blogdoedvaldomagalhaes.com.br\/index.php\/wp-json\/wp\/v2\/comments?post=95266"}],"version-history":[{"count":1,"href":"https:\/\/blogdoedvaldomagalhaes.com.br\/index.php\/wp-json\/wp\/v2\/posts\/95266\/revisions"}],"predecessor-version":[{"id":95268,"href":"https:\/\/blogdoedvaldomagalhaes.com.br\/index.php\/wp-json\/wp\/v2\/posts\/95266\/revisions\/95268"}],"wp:featuredmedia":[{"embeddable":true,"href":"https:\/\/blogdoedvaldomagalhaes.com.br\/index.php\/wp-json\/wp\/v2\/media\/95267"}],"wp:attachment":[{"href":"https:\/\/blogdoedvaldomagalhaes.com.br\/index.php\/wp-json\/wp\/v2\/media?parent=95266"}],"wp:term":[{"taxonomy":"category","embeddable":true,"href":"https:\/\/blogdoedvaldomagalhaes.com.br\/index.php\/wp-json\/wp\/v2\/categories?post=95266"},{"taxonomy":"post_tag","embeddable":true,"href":"https:\/\/blogdoedvaldomagalhaes.com.br\/index.php\/wp-json\/wp\/v2\/tags?post=95266"}],"curies":[{"name":"wp","href":"https:\/\/api.w.org\/{rel}","templated":true}]}}