{"id":95258,"date":"2023-04-20T14:45:11","date_gmt":"2023-04-20T17:45:11","guid":{"rendered":"https:\/\/blogdoedvaldomagalhaes.com.br\/?p=95258"},"modified":"2023-04-20T15:17:28","modified_gmt":"2023-04-20T18:17:28","slug":"jogo-beneficente-no-lacerdao-para-ajudar-ze-roberto-ex-tecnico-do-central-nesta-sexta-feira-21","status":"publish","type":"post","link":"https:\/\/blogdoedvaldomagalhaes.com.br\/index.php\/2023\/04\/20\/jogo-beneficente-no-lacerdao-para-ajudar-ze-roberto-ex-tecnico-do-central-nesta-sexta-feira-21\/","title":{"rendered":"Jogo beneficente no Lacerd\u00e3o para ajudar Z\u00e9 Roberto, ex-t\u00e9cnico do Central, nesta sexta-feira (21)"},"content":{"rendered":"<p style=\"text-align: justify;\">Nesta sexta-feira (21), feriado nacional Dia de Tiradentes, ser\u00e1 realizado um jogo beneficente a partir das 9h da manh\u00e3, no Est\u00e1dio Luiz Jos\u00e9 de Lacerda (Lacerd\u00e3o), para ajudar na recupera\u00e7\u00e3o de Z\u00e9 Roberto, ex-t\u00e9cnico do Central.\u00a0<span style=\"font-size: revert;\">V\u00e1rios ex-atletas do clube e convidados \u00a0ir\u00e3o participar. Z\u00e9 Roberto sofreu um acidente vascular cerebral hemorr\u00e1gico em fevereiro, e continua internado se recuperando.<\/span><\/p>\n<p style=\"text-align: justify;\">O Blog do Edvaldo Magalh\u00e3es pede que os leitores compare\u00e7am ao est\u00e1dio Lacerd\u00e3o e ajudem. O torcedor n\u00e3o pagar\u00e1 ingresso para assistir o jogo dos atletas master, mas, poder\u00e1 fazer doa\u00e7\u00e3o pelo PIX ou em uma caixinha que ser\u00e1 colocada no Lacerd\u00e3o. Confira \u00a0os atletas que estar\u00e3o presentes:<\/p>\n<p style=\"text-align: justify;\">Marcelo ex Cear\u00e1 e Central<br \/>Rayder Catuense e Central<br \/>Eus\u00e9bio Sport e Central<br \/>Danda CRB e Central<br \/>Selmir Atl\u00e9tico Paranaense e Central<br \/>Reginaldo Cachimbo Catanduvense e Central<br \/>Ara\u00fajo Atl\u00e9tico Mineiro e Central<br \/>Erivelton Asa e Central <br \/>Timb\u00f3 Campinense e Central<br \/>Sil Santa Cruz e Central<br \/>Marcos Atl\u00e9tico Mineiro e Central<br \/>Paulinho Coritiba e Central<\/p>\n<p>\u00a0<\/p>\n\n\n<figure class=\"wp-block-image size-large\"><img loading=\"lazy\" decoding=\"async\" width=\"1024\" height=\"512\" src=\"https:\/\/blogdoedvaldomagalhaes.com.br\/wp-content\/uploads\/2023\/04\/375112B6-D5BD-49FD-8610-65225CDD84A8-1024x512.png\" alt=\"\" class=\"wp-image-95261\" srcset=\"https:\/\/blogdoedvaldomagalhaes.com.br\/wp-content\/uploads\/2023\/04\/375112B6-D5BD-49FD-8610-65225CDD84A8-1024x512.png 1024w, https:\/\/blogdoedvaldomagalhaes.com.br\/wp-content\/uploads\/2023\/04\/375112B6-D5BD-49FD-8610-65225CDD84A8-300x150.png 300w, https:\/\/blogdoedvaldomagalhaes.com.br\/wp-content\/uploads\/2023\/04\/375112B6-D5BD-49FD-8610-65225CDD84A8-768x384.png 768w, https:\/\/blogdoedvaldomagalhaes.com.br\/wp-content\/uploads\/2023\/04\/375112B6-D5BD-49FD-8610-65225CDD84A8-1536x768.png 1536w, https:\/\/blogdoedvaldomagalhaes.com.br\/wp-content\/uploads\/2023\/04\/375112B6-D5BD-49FD-8610-65225CDD84A8-2048x1024.png 2048w\" sizes=\"auto, (max-width: 1024px) 100vw, 1024px\" \/><\/figure>\n","protected":false},"excerpt":{"rendered":"<p>Nesta sexta-feira (21), feriado nacional Dia de Tiradentes, ser\u00e1 realizado um jogo beneficente a partir das 9h da manh\u00e3, no&hellip;<\/p>\n","protected":false},"author":1,"featured_media":95260,"comment_status":"closed","ping_status":"open","sticky":false,"template":"","format":"standard","meta":{"footnotes":""},"categories":[14120],"tags":[2,19532,3406,27303],"class_list":["post-95258","post","type-post","status-publish","format-standard","has-post-thumbnail","hentry","category-noticias","tag-blog-do-edvaldo-magalhaes","tag-blog-mais-acessado-e-visualizado-de-caruaru-e-regiao","tag-caruaru","tag-jogo-beneficente-para-ajudar-ze-roberto-ex-tecnico-do-central-nesta-sexta-feira-21"],"_links":{"self":[{"href":"https:\/\/blogdoedvaldomagalhaes.com.br\/index.php\/wp-json\/wp\/v2\/posts\/95258","targetHints":{"allow":["GET"]}}],"collection":[{"href":"https:\/\/blogdoedvaldomagalhaes.com.br\/index.php\/wp-json\/wp\/v2\/posts"}],"about":[{"href":"https:\/\/blogdoedvaldomagalhaes.com.br\/index.php\/wp-json\/wp\/v2\/types\/post"}],"author":[{"embeddable":true,"href":"https:\/\/blogdoedvaldomagalhaes.com.br\/index.php\/wp-json\/wp\/v2\/users\/1"}],"replies":[{"embeddable":true,"href":"https:\/\/blogdoedvaldomagalhaes.com.br\/index.php\/wp-json\/wp\/v2\/comments?post=95258"}],"version-history":[{"count":4,"href":"https:\/\/blogdoedvaldomagalhaes.com.br\/index.php\/wp-json\/wp\/v2\/posts\/95258\/revisions"}],"predecessor-version":[{"id":95270,"href":"https:\/\/blogdoedvaldomagalhaes.com.br\/index.php\/wp-json\/wp\/v2\/posts\/95258\/revisions\/95270"}],"wp:featuredmedia":[{"embeddable":true,"href":"https:\/\/blogdoedvaldomagalhaes.com.br\/index.php\/wp-json\/wp\/v2\/media\/95260"}],"wp:attachment":[{"href":"https:\/\/blogdoedvaldomagalhaes.com.br\/index.php\/wp-json\/wp\/v2\/media?parent=95258"}],"wp:term":[{"taxonomy":"category","embeddable":true,"href":"https:\/\/blogdoedvaldomagalhaes.com.br\/index.php\/wp-json\/wp\/v2\/categories?post=95258"},{"taxonomy":"post_tag","embeddable":true,"href":"https:\/\/blogdoedvaldomagalhaes.com.br\/index.php\/wp-json\/wp\/v2\/tags?post=95258"}],"curies":[{"name":"wp","href":"https:\/\/api.w.org\/{rel}","templated":true}]}}