{"id":95240,"date":"2023-04-20T09:05:19","date_gmt":"2023-04-20T12:05:19","guid":{"rendered":"https:\/\/blogdoedvaldomagalhaes.com.br\/?p=95240"},"modified":"2023-04-20T21:39:02","modified_gmt":"2023-04-21T00:39:02","slug":"confira-o-que-abre-e-fecha-no-feriado-de-tiradentes-nesta-sexta-feira-21","status":"publish","type":"post","link":"https:\/\/blogdoedvaldomagalhaes.com.br\/index.php\/2023\/04\/20\/confira-o-que-abre-e-fecha-no-feriado-de-tiradentes-nesta-sexta-feira-21\/","title":{"rendered":"Confira o que abre e fecha no feriado de Tiradentes, nesta sexta-feira (21)"},"content":{"rendered":"<p style=\"text-align: justify;\"><span style=\"font-size: revert; color: initial;\">A Prefeitura de Caruaru, por meio da Secretaria de Administra\u00e7\u00e3o (SAD), informa que n\u00e3o haver\u00e1 expediente, nesta sexta-feira (21), nas reparti\u00e7\u00f5es p\u00fablicas. No dia 21 de abril \u00e9 celebrado o feriado nacional de Tiradentes, funcionando, neste dia, apenas os servi\u00e7os essenciais.<\/span><\/p>\n<p style=\"text-align: justify;\">Confira abaixo as atividades das pastas que atuar\u00e3o, bem como os hor\u00e1rios de alguns espa\u00e7os p\u00fablicos que ir\u00e3o funcionar:<\/p>\n<p style=\"text-align: justify;\"><strong>Sa\u00fade:<\/strong> Hospitais, Unidades de Pronto Atendimento (UPA) e Samu estar\u00e3o funcionando normalmente.<\/p>\n<p style=\"text-align: justify;\">A vacina\u00e7\u00e3o contra a Covid-19, incluindo a bivalente para grupos priorit\u00e1rios, e Influenza na Via Parque, no trecho do INSS, estar\u00e1 fechada na sexta (21), retomando os atendimentos no s\u00e1bado (22), das 8h \u00e0s 13h.<\/p>\n<p style=\"text-align: justify;\">Os servi\u00e7os dos Ambulat\u00f3rios M\u00e9dicos Especializados (AME\u2019s) n\u00e3o funcionar\u00e3o na sexta (21). No s\u00e1bado pela manh\u00e3, apenas o AME Caiuc\u00e1 estar\u00e1 aberto para os pacientes pr\u00e9-agendados para curativos.<\/p>\n<p style=\"text-align: justify;\">As Unidades B\u00e1sicas de Sa\u00fade (UBS) e os Centros de Sa\u00fade (CS) n\u00e3o funcionar\u00e3o na sexta (21). As atividades ser\u00e3o retomadas na segunda (24).<\/p>\n<p style=\"text-align: justify;\"><strong>Secretaria de Servi\u00e7os P\u00fablicos e Sustentabilidade:<\/strong> Parques municipais funcionam normalmente, das 6h \u00e0s 19h.<\/p>\n<p style=\"text-align: justify;\"><strong>Secretaria de Pol\u00edticas para Mulheres:<\/strong> O Centro de Refer\u00eancia da Mulher Maria Bonita (CRM) funcionar\u00e1 em sistema de plant\u00e3o por meio do n\u00famero 9 8384-4310.<\/p>\n<p style=\"text-align: justify;\"><strong>Secretaria de Desenvolvimento Social e Direitos Humanos:<\/strong> Plant\u00e3o do aux\u00edlio funeral pelos telefones (81) 9.8384-2410 e (81) 9.8384-3756. Tamb\u00e9m funciona normalmente o atendimento \u00e0 popula\u00e7\u00e3o em situa\u00e7\u00e3o de rua no Acolhimento Adulto, que fica na rua Alferes Jorge, no bairro Indian\u00f3polis.<\/p>\n<p style=\"text-align: justify;\"><strong>Ceaca:<\/strong> Feira acontece normalmente, na sexta, das 4h \u00e0s 13h.<\/p>\n<p style=\"text-align: justify;\"><strong>Monte do Bom Jesus:<\/strong> Funcionamento do Centro de Atendimento ao Turista, das 8h \u00e0s 20h.<\/p>\n<p style=\"text-align: justify;\"><strong>Via Parque:<\/strong> Funcionamento das 6h \u00e0s 22h.<\/p>\n<p style=\"text-align: justify;\">Com\u00e9rcio: o lojista que comunicaram ao sindicato, podem funcionar normalmente.<\/p>\n<p style=\"text-align: justify;\"><strong>Feiras:<\/strong> as feiras da Sulanca e livre do bairro S\u00e3o Francisco, funcionar normalmente.<\/p>\n<p style=\"text-align: justify;\"><strong>Shopping:<\/strong> o Shopping Difusora e o Caruru Shopping funcionam.<\/p>\n<p style=\"text-align: justify;\"><strong>Correios:\u00a0<\/strong> n\u00e3o haver\u00e1 atendimento nas ag\u00eancias dos Correios. Naquelas que j\u00e1 atendem normalmente aos s\u00e1bados,\u00a0o funcionamento \u00e9 retomado no dia seguinte ao feriado, assim como as atividades de entrega.<\/p>\n<p style=\"text-align: justify;\"><strong>Detran:<\/strong> todas as unidades do Departamento Estadual de Tr\u00e2nsito (Detran) fecham na sexta (21). No s\u00e1bado (22), as lojas nos shoppings e Expresso Cidad\u00e3o funcionam normalmente.<\/p>\n<p style=\"text-align: justify;\"><strong>Leva:<\/strong> a loja do Leva estar\u00e1 fechada. J\u00e1 no s\u00e1bado (22), os atendimentos acontecem das 8h \u00e0s 12h. A loja do Leva fica localizada na Pra\u00e7a Presidente Get\u00falio Vargas (Pra\u00e7a do Ros\u00e1rio), n\u00ba 87, no centro. Para outras informa\u00e7\u00f5es, \u00e9 poss\u00edvel entrar em contato com a loja pelo n\u00famero: (81) 3721-6680.<\/p>\n<p style=\"text-align: justify;\">Foto: Avenida Agamenon Magalh\u00e3es\/Blog do Edvaldo Magalh\u00e3es.<\/p>\n","protected":false},"excerpt":{"rendered":"<p>A Prefeitura de Caruaru, por meio da Secretaria de Administra\u00e7\u00e3o (SAD), informa que n\u00e3o haver\u00e1 expediente, nesta sexta-feira (21), nas&hellip;<\/p>\n","protected":false},"author":1,"featured_media":95241,"comment_status":"closed","ping_status":"open","sticky":false,"template":"","format":"standard","meta":{"footnotes":""},"categories":[14120],"tags":[2,19532,3406,27301],"class_list":["post-95240","post","type-post","status-publish","format-standard","has-post-thumbnail","hentry","category-noticias","tag-blog-do-edvaldo-magalhaes","tag-blog-mais-acessado-e-visualizado-de-caruaru-e-regiao","tag-caruaru","tag-confira-o-que-abre-e-fecha-no-feriado-de-tiradentes-nesta-sexta-feira-21"],"_links":{"self":[{"href":"https:\/\/blogdoedvaldomagalhaes.com.br\/index.php\/wp-json\/wp\/v2\/posts\/95240","targetHints":{"allow":["GET"]}}],"collection":[{"href":"https:\/\/blogdoedvaldomagalhaes.com.br\/index.php\/wp-json\/wp\/v2\/posts"}],"about":[{"href":"https:\/\/blogdoedvaldomagalhaes.com.br\/index.php\/wp-json\/wp\/v2\/types\/post"}],"author":[{"embeddable":true,"href":"https:\/\/blogdoedvaldomagalhaes.com.br\/index.php\/wp-json\/wp\/v2\/users\/1"}],"replies":[{"embeddable":true,"href":"https:\/\/blogdoedvaldomagalhaes.com.br\/index.php\/wp-json\/wp\/v2\/comments?post=95240"}],"version-history":[{"count":8,"href":"https:\/\/blogdoedvaldomagalhaes.com.br\/index.php\/wp-json\/wp\/v2\/posts\/95240\/revisions"}],"predecessor-version":[{"id":95286,"href":"https:\/\/blogdoedvaldomagalhaes.com.br\/index.php\/wp-json\/wp\/v2\/posts\/95240\/revisions\/95286"}],"wp:featuredmedia":[{"embeddable":true,"href":"https:\/\/blogdoedvaldomagalhaes.com.br\/index.php\/wp-json\/wp\/v2\/media\/95241"}],"wp:attachment":[{"href":"https:\/\/blogdoedvaldomagalhaes.com.br\/index.php\/wp-json\/wp\/v2\/media?parent=95240"}],"wp:term":[{"taxonomy":"category","embeddable":true,"href":"https:\/\/blogdoedvaldomagalhaes.com.br\/index.php\/wp-json\/wp\/v2\/categories?post=95240"},{"taxonomy":"post_tag","embeddable":true,"href":"https:\/\/blogdoedvaldomagalhaes.com.br\/index.php\/wp-json\/wp\/v2\/tags?post=95240"}],"curies":[{"name":"wp","href":"https:\/\/api.w.org\/{rel}","templated":true}]}}