{"id":95237,"date":"2023-04-19T22:49:59","date_gmt":"2023-04-20T01:49:59","guid":{"rendered":"https:\/\/blogdoedvaldomagalhaes.com.br\/?p=95237"},"modified":"2023-04-20T12:06:12","modified_gmt":"2023-04-20T15:06:12","slug":"programa-internacional-de-instrucao-biblica-volta-ao-presencial-em-2023","status":"publish","type":"post","link":"https:\/\/blogdoedvaldomagalhaes.com.br\/index.php\/2023\/04\/19\/programa-internacional-de-instrucao-biblica-volta-ao-presencial-em-2023\/","title":{"rendered":"Programa\u00a0internacional\u00a0de\u00a0instru\u00e7\u00e3o b\u00edblica volta\u00a0ao\u00a0presencial\u00a0em 2023"},"content":{"rendered":"<div class=\"s4\" style=\"text-align: justify;\"><span class=\"s5\"><span class=\"bumpedFont15\">O ano de 2023 <\/span><\/span><span class=\"s5\"><span class=\"bumpedFont15\">traz<\/span><\/span> <span class=\"s5\"><span class=\"bumpedFont15\">uma novidade<\/span><\/span><span class=\"s5\"><span class=\"bumpedFont15\"> para <\/span><\/span><span class=\"s5\"><span class=\"bumpedFont15\">milh\u00f5es<\/span><\/span><span class=\"s5\"><span class=\"bumpedFont15\"> de <\/span><\/span><span class=\"s6\"><span class=\"bumpedFont15\">Testemunhas de Jeov\u00e1<\/span><\/span><span class=\"s6\"><span class=\"bumpedFont15\"> \u2013 o <\/span><\/span><span class=\"s6\"><span class=\"bumpedFont15\">retorno presencial <\/span><\/span><span class=\"s6\"><span class=\"bumpedFont15\">das suas<\/span><\/span><span class=\"s6\"><span class=\"bumpedFont15\">assembleias. <\/span><\/span><span class=\"s6\"><span class=\"bumpedFont15\">Devido \u00e0 pandemia, essas grandes reuni\u00f5es ficaram suspensas por quase 3 anos. <\/span><\/span><span class=\"s6\"><span class=\"bumpedFont15\">No per\u00edodo mais cr\u00edtico, os discursos foram gravados e apresentados pela internet. <\/span><\/span><span class=\"s6\"><span class=\"bumpedFont15\">Agora, n<\/span><\/span><span class=\"s6\"><span class=\"bumpedFont15\">o <\/span><\/span><span class=\"s6\"><span class=\"bumpedFont15\">mundo todo<\/span><\/span><span class=\"s6\"><span class=\"bumpedFont15\"> e <\/span><\/span><span class=\"s7\"><span class=\"bumpedFont15\">inclusive <\/span><\/span><span class=\"s7\"><span class=\"bumpedFont15\">aqui, em<\/span><\/span> <span class=\"s7\"><span class=\"bumpedFont15\">Caruaru<\/span><\/span> <span class=\"s6\"><span class=\"bumpedFont15\">pessoas<\/span><\/span><span class=\"s6\"><span class=\"bumpedFont15\"> de <\/span><\/span><span class=\"s6\"><span class=\"bumpedFont15\">diferentes<\/span><\/span><span class=\"s6\"><span class=\"bumpedFont15\">lugares <\/span><\/span><span class=\"s6\"><span class=\"bumpedFont15\">poder\u00e3o <\/span><\/span><span class=\"s6\"><span class=\"bumpedFont15\">se reunir<\/span><\/span><span class=\"s6\"><span class=\"bumpedFont15\"> presencialmente para assistir a um programa<\/span><\/span><span class=\"s6\"><span class=\"bumpedFont15\"> de instru\u00e7\u00e3o b\u00edblica<\/span><\/span><span class=\"s6\"><span class=\"bumpedFont15\"> alegre e motivador.<\/span><\/span><\/div>\n<p class=\"s8\" style=\"text-align: justify;\"><span class=\"s6\"><span class=\"bumpedFont15\">Em 2023, as <\/span><\/span><span class=\"s6\"><span class=\"bumpedFont15\">assembleias das Testemunhas de Jeov\u00e1<\/span><\/span> <span class=\"s6\"><span class=\"bumpedFont15\">ter\u00e3o como assunto central<\/span><\/span><span class=\"s6\"><span class=\"bumpedFont15\"> a paz e a uni\u00e3o entre as pessoas. Para o porta-voz das Testemunhas de Jeov\u00e1<\/span><\/span><span class=\"s6\"><span class=\"bumpedFont15\">, Kleber Barreto<\/span><\/span><span class=\"s6\"><span class=\"bumpedFont15\">, a humanidade nunca precisou tanto de conselhos <\/span><\/span><span class=\"s5\"><span class=\"bumpedFont15\">para<\/span><\/span><span class=\"s6\"><span class=\"bumpedFont15\"> conviver em paz, num esp\u00edrito de toler\u00e2ncia e de <\/span><\/span><span class=\"s6\"><span class=\"bumpedFont15\">respeito<\/span><\/span><span class=\"s6\"><span class=\"bumpedFont15\">. \u201c<\/span><\/span><span class=\"s5\"><span class=\"bumpedFont15\">Ficamos fortalecidos ao ouvir <\/span><\/span><span class=\"s5\"><span class=\"bumpedFont15\">hist\u00f3rias<\/span><\/span><span class=\"s5\"><span class=\"bumpedFont15\"> de pessoas que continuam a se empenhar pela paz, apesar dos desafios\u201d, acrescent<\/span><\/span><span class=\"s5\"><span class=\"bumpedFont15\">ou.<\/span><\/span><span class=\"s6\"><span class=\"bumpedFont15\"> Al\u00e9m de palestras b\u00edblicas, <\/span><\/span><span class=\"s6\"><span class=\"bumpedFont15\">as<\/span><\/span><span class=\"s6\"><span class=\"bumpedFont15\">assembleias <\/span><\/span><span class=\"s6\"><span class=\"bumpedFont15\">contam com<\/span><\/span> <span class=\"s6\"><span class=\"bumpedFont15\">entrevistas<\/span><\/span><span class=\"s6\"><span class=\"bumpedFont15\">,<\/span><\/span><span class=\"s6\"><span class=\"bumpedFont15\"> encena\u00e7\u00f5es<\/span><\/span><span class=\"s6\"><span class=\"bumpedFont15\">, batismos<\/span><\/span><span class=\"s6\"><span class=\"bumpedFont15\"> e m\u00fasicas de louvor<\/span><\/span><span class=\"s6\"><span class=\"bumpedFont15\">.<\/span><\/span><\/p>\n<p class=\"s8\" style=\"text-align: justify;\"><span class=\"s9\"><span class=\"bumpedFont15\">Deyse<\/span><\/span><span class=\"s9\"><span class=\"bumpedFont15\"> Hon\u00f3rio, Testemunha de Jeov\u00e1 h\u00e1 anos, aguarda com grande expectativa a volta presencial desses eventos. Para ela, que assiste regularmente essas reuni\u00f5es h\u00e1 aproximadamente 35 anos, \u201co retorno das assembleias representa o amor e o cuidado de Deus conosco e a certeza de que ficaremos bem junto com nossos amigos\u201d. <\/span><\/span><\/p>\n<p class=\"s8\" style=\"text-align: justify;\"><span class=\"s9\"><span class=\"bumpedFont15\">No Brasil, haver\u00e1 assembleias em diversos idiomas al\u00e9m do portugu\u00eas, como l\u00edngua brasileira de sinais, crioulo haitiano, guarani, espanhol e japon\u00eas. Esses eventos s\u00e3o abertos ao p\u00fablico de todas as idades e t\u00eam entrada totalmente gratuita.<\/span><\/span><\/p>\n<p class=\"s8\" style=\"text-align: justify;\"><span class=\"s5\"><span class=\"bumpedFont15\">Em <\/span><\/span><span class=\"s10\"><span class=\"bumpedFont15\">Caruaru<\/span><\/span><span class=\"s5\"><span class=\"bumpedFont15\"> ser<\/span><\/span><span class=\"s5\"><span class=\"bumpedFont15\">\u00e3o<\/span><\/span><span class=\"s5\"><span class=\"bumpedFont15\"> realizada<\/span><\/span><span class=\"s5\"><span class=\"bumpedFont15\">s<\/span><\/span> <span class=\"s5\"><span class=\"bumpedFont15\">assembleia<\/span><\/span><span class=\"s5\"><span class=\"bumpedFont15\">s<\/span><\/span><span class=\"s5\"><span class=\"bumpedFont15\"> no<\/span><\/span><span class=\"s5\"><span class=\"bumpedFont15\">s<\/span><\/span> <span class=\"s10\"><span class=\"bumpedFont15\">dia<\/span><\/span><span class=\"s10\"><span class=\"bumpedFont15\">s<\/span><\/span> <span class=\"s10\"><span class=\"bumpedFont15\">22<\/span><\/span><span class=\"s10\"><span class=\"bumpedFont15\"> e 23<\/span><\/span><span class=\"s10\"><span class=\"bumpedFont15\"> d<\/span><\/span><span class=\"s10\"><span class=\"bumpedFont15\">e abril<\/span><\/span><span class=\"s5\"><span class=\"bumpedFont15\">, <\/span><\/span><span class=\"s5\"><span class=\"bumpedFont15\">no <\/span><\/span><span class=\"s5\"><span class=\"bumpedFont15\">Espa\u00e7o Maria Jos<\/span><\/span><span class=\"s5\"><span class=\"bumpedFont15\">\u00e9<\/span><\/span><span class=\"s5\"><span class=\"bumpedFont15\"> Recep\u00e7\u00f5es II<\/span><\/span><span class=\"s5\"><span class=\"bumpedFont15\">, localizado <\/span><\/span><span class=\"s6\"><span class=\"bumpedFont15\">n<\/span><\/span><span class=\"s6\"><span class=\"bumpedFont15\">a<\/span><\/span> <span class=\"s6\"><span class=\"bumpedFont15\">Av. Frei Dami\u00e3o de Bozzano <\/span><\/span><span class=\"s6\"><span class=\"bumpedFont15\">\u2013<\/span><\/span><span class=\"s6\"><span class=\"bumpedFont15\"> Indian\u00f3polis<\/span><\/span> <span class=\"s6\"><span class=\"bumpedFont15\">&#8211; Caruaru, <\/span><\/span><span class=\"s5\"><span class=\"bumpedFont15\">PE<\/span><\/span><span class=\"s5\"><span class=\"bumpedFont15\">. O programa<\/span><\/span><span class=\"s5\"><span class=\"bumpedFont15\">come\u00e7ar\u00e1 \u00e0s 9h30 da manh\u00e3 e terminar\u00e1 por volta das 16h15, tanto no s\u00e1bado como no domingo, com um intervalo de uma hora.<\/span><\/span><\/p>\n<p class=\"s12\" style=\"text-align: justify;\"><span class=\"s11\"><span class=\"bumpedFont15\">Para saber o dia, local e hor\u00e1rio de uma <\/span><\/span><span class=\"s11\"><span class=\"bumpedFont15\">Assembleia<\/span><\/span><span class=\"s11\"><span class=\"bumpedFont15\"> em outra regi\u00e3o<\/span><\/span><span class=\"s11\"><span class=\"bumpedFont15\">fale com uma Testemunha de Jeov\u00e1 ou acesse a se\u00e7\u00e3o Encontre uma reuni\u00e3o no site JW.ORG. Voc\u00ea e sua fam\u00edlia ser\u00e3o muito bem-vindos!<\/span><\/span><\/p>\n<p class=\"s13\" style=\"text-align: justify;\">\n","protected":false},"excerpt":{"rendered":"<p>O ano de 2023 traz uma novidade para milh\u00f5es de Testemunhas de Jeov\u00e1 \u2013 o retorno presencial das suasassembleias. Devido&hellip;<\/p>\n","protected":false},"author":1,"featured_media":95238,"comment_status":"closed","ping_status":"open","sticky":false,"template":"","format":"standard","meta":{"footnotes":""},"categories":[14120],"tags":[2,19532,3406,27300],"class_list":["post-95237","post","type-post","status-publish","format-standard","has-post-thumbnail","hentry","category-noticias","tag-blog-do-edvaldo-magalhaes","tag-blog-mais-acessado-e-visualizado-de-caruaru-e-regiao","tag-caruaru","tag-programa-internacional-de-instrucao-biblica-volta-ao-presencial-em-2023"],"_links":{"self":[{"href":"https:\/\/blogdoedvaldomagalhaes.com.br\/index.php\/wp-json\/wp\/v2\/posts\/95237","targetHints":{"allow":["GET"]}}],"collection":[{"href":"https:\/\/blogdoedvaldomagalhaes.com.br\/index.php\/wp-json\/wp\/v2\/posts"}],"about":[{"href":"https:\/\/blogdoedvaldomagalhaes.com.br\/index.php\/wp-json\/wp\/v2\/types\/post"}],"author":[{"embeddable":true,"href":"https:\/\/blogdoedvaldomagalhaes.com.br\/index.php\/wp-json\/wp\/v2\/users\/1"}],"replies":[{"embeddable":true,"href":"https:\/\/blogdoedvaldomagalhaes.com.br\/index.php\/wp-json\/wp\/v2\/comments?post=95237"}],"version-history":[{"count":1,"href":"https:\/\/blogdoedvaldomagalhaes.com.br\/index.php\/wp-json\/wp\/v2\/posts\/95237\/revisions"}],"predecessor-version":[{"id":95239,"href":"https:\/\/blogdoedvaldomagalhaes.com.br\/index.php\/wp-json\/wp\/v2\/posts\/95237\/revisions\/95239"}],"wp:featuredmedia":[{"embeddable":true,"href":"https:\/\/blogdoedvaldomagalhaes.com.br\/index.php\/wp-json\/wp\/v2\/media\/95238"}],"wp:attachment":[{"href":"https:\/\/blogdoedvaldomagalhaes.com.br\/index.php\/wp-json\/wp\/v2\/media?parent=95237"}],"wp:term":[{"taxonomy":"category","embeddable":true,"href":"https:\/\/blogdoedvaldomagalhaes.com.br\/index.php\/wp-json\/wp\/v2\/categories?post=95237"},{"taxonomy":"post_tag","embeddable":true,"href":"https:\/\/blogdoedvaldomagalhaes.com.br\/index.php\/wp-json\/wp\/v2\/tags?post=95237"}],"curies":[{"name":"wp","href":"https:\/\/api.w.org\/{rel}","templated":true}]}}