{"id":95234,"date":"2023-04-19T19:29:45","date_gmt":"2023-04-19T22:29:45","guid":{"rendered":"https:\/\/blogdoedvaldomagalhaes.com.br\/?p=95234"},"modified":"2023-04-19T19:29:45","modified_gmt":"2023-04-19T22:29:45","slug":"pm-apreende-armas-e-municoes-em-bezerros","status":"publish","type":"post","link":"https:\/\/blogdoedvaldomagalhaes.com.br\/index.php\/2023\/04\/19\/pm-apreende-armas-e-municoes-em-bezerros\/","title":{"rendered":"PM apreende armas e muni\u00e7\u00f5es em Bezerros"},"content":{"rendered":"<p style=\"text-align: justify;\"><span style=\"color: initial; font-size: revert;\">O Batalh\u00e3o Especializado de Policiamento do Interior (BEPI) apreendeu armas e muni\u00e7\u00f5es, ter\u00e7a-feira (18\/04), em Bezerros, no Agreste pernambucano. O efetivo tentava cumprir mandado de pris\u00e3o de um suspeito de alta periculosidade, que escapou por uma mata, mas deixou para tr\u00e1s o armamento.<\/span><\/p>\n<p style=\"text-align: justify;\">Foram apreendidos, no local onde ele estava, uma espingarda calibre .28 com seis cartuchos, um rev\u00f3lver calibre .32 com uma muni\u00e7\u00e3o, e duas espingardas antecarga. Todo o material foi apresentado na Delegacia de Pol\u00edcia Civil da cidade, para formaliza\u00e7\u00e3o da apreens\u00e3o.<\/p>\n","protected":false},"excerpt":{"rendered":"<p>O Batalh\u00e3o Especializado de Policiamento do Interior (BEPI) apreendeu armas e muni\u00e7\u00f5es, ter\u00e7a-feira (18\/04), em Bezerros, no Agreste pernambucano. O&hellip;<\/p>\n","protected":false},"author":1,"featured_media":95235,"comment_status":"closed","ping_status":"open","sticky":false,"template":"","format":"standard","meta":{"footnotes":""},"categories":[14121],"tags":[2,19532,3406,27298],"class_list":["post-95234","post","type-post","status-publish","format-standard","has-post-thumbnail","hentry","category-policial","tag-blog-do-edvaldo-magalhaes","tag-blog-mais-acessado-e-visualizado-de-caruaru-e-regiao","tag-caruaru","tag-pm-apreende-armas-e-municoes-em-bezerros"],"_links":{"self":[{"href":"https:\/\/blogdoedvaldomagalhaes.com.br\/index.php\/wp-json\/wp\/v2\/posts\/95234","targetHints":{"allow":["GET"]}}],"collection":[{"href":"https:\/\/blogdoedvaldomagalhaes.com.br\/index.php\/wp-json\/wp\/v2\/posts"}],"about":[{"href":"https:\/\/blogdoedvaldomagalhaes.com.br\/index.php\/wp-json\/wp\/v2\/types\/post"}],"author":[{"embeddable":true,"href":"https:\/\/blogdoedvaldomagalhaes.com.br\/index.php\/wp-json\/wp\/v2\/users\/1"}],"replies":[{"embeddable":true,"href":"https:\/\/blogdoedvaldomagalhaes.com.br\/index.php\/wp-json\/wp\/v2\/comments?post=95234"}],"version-history":[{"count":1,"href":"https:\/\/blogdoedvaldomagalhaes.com.br\/index.php\/wp-json\/wp\/v2\/posts\/95234\/revisions"}],"predecessor-version":[{"id":95236,"href":"https:\/\/blogdoedvaldomagalhaes.com.br\/index.php\/wp-json\/wp\/v2\/posts\/95234\/revisions\/95236"}],"wp:featuredmedia":[{"embeddable":true,"href":"https:\/\/blogdoedvaldomagalhaes.com.br\/index.php\/wp-json\/wp\/v2\/media\/95235"}],"wp:attachment":[{"href":"https:\/\/blogdoedvaldomagalhaes.com.br\/index.php\/wp-json\/wp\/v2\/media?parent=95234"}],"wp:term":[{"taxonomy":"category","embeddable":true,"href":"https:\/\/blogdoedvaldomagalhaes.com.br\/index.php\/wp-json\/wp\/v2\/categories?post=95234"},{"taxonomy":"post_tag","embeddable":true,"href":"https:\/\/blogdoedvaldomagalhaes.com.br\/index.php\/wp-json\/wp\/v2\/tags?post=95234"}],"curies":[{"name":"wp","href":"https:\/\/api.w.org\/{rel}","templated":true}]}}