{"id":95229,"date":"2023-04-19T19:11:10","date_gmt":"2023-04-19T22:11:10","guid":{"rendered":"https:\/\/blogdoedvaldomagalhaes.com.br\/?p=95229"},"modified":"2023-04-19T19:11:11","modified_gmt":"2023-04-19T22:11:11","slug":"convocada-por-anderson-correia-audiencia-publica-debate-seguranca-nas-escolas-na-camara-de-caruaru","status":"publish","type":"post","link":"https:\/\/blogdoedvaldomagalhaes.com.br\/index.php\/2023\/04\/19\/convocada-por-anderson-correia-audiencia-publica-debate-seguranca-nas-escolas-na-camara-de-caruaru\/","title":{"rendered":"Convocada por Anderson Correia, audi\u00eancia p\u00fablica debate seguran\u00e7a nas escolas, na C\u00e2mara de Caruaru"},"content":{"rendered":"<p style=\"text-align: justify;\"><span style=\"color: initial; font-size: revert;\">A pedido do vereador Anderson Correia, foi realizada, na manh\u00e3 desta quarta-feira (19), na C\u00e2mara Municipal de Caruaru, uma audi\u00eancia p\u00fablica para debater sobre a seguran\u00e7a nas escolas da Capital do Agreste. Marcaram presen\u00e7a representantes das Pol\u00edcias Civil, Militar e Federal, do Corpo de Bombeiros, da Guarda Municipal, das secretarias de Ordem P\u00fablica e da Educa\u00e7\u00e3o, da OAB Caruaru, do Conselho Tutelar e da GRE Agreste Centro Norte (Caruaru), al\u00e9m de alguns vereadores.<\/span><\/p>\n<p style=\"text-align: justify;\">A audi\u00eancia p\u00fablica contou ainda com a presen\u00e7a de um grupo de m\u00e3es de alunos de escolas p\u00fablicas estaduais e municipais que, durante o debate, teve a oportunidade de manifestar o sentimento das fam\u00edlias dos estudantes, al\u00e9m de propor medidas para os \u00f3rg\u00e3os de seguran\u00e7a p\u00fablica aplicar nas escolas, para combater poss\u00edveis ataques \u00e0s institui\u00e7\u00f5es de ensino. Autor da proposi\u00e7\u00e3o que pediu a realiza\u00e7\u00e3o do debate, Anderson Correia ressaltou a import\u00e2ncia desta reuni\u00e3o.<\/p>\n<p style=\"text-align: justify;\">\u201cFoi um momento muito oportuno para levantarmos ideias que visam \u00e0 seguran\u00e7a nas escolas de Caruaru, diante de um cen\u00e1rio de inseguran\u00e7a por parte da sociedade, sobretudo alunos, pais e professores. Minha gratid\u00e3o a todos que participaram, aos diversos \u00f3rg\u00e3os de seguran\u00e7a p\u00fablica, da educa\u00e7\u00e3o e demais pares que contribu\u00edram para um debate s\u00e9rio e rico em ideias, que ser\u00e3o levadas para o Poder Executivo, por meio de um documento feito nesta Casa Legislativa, com o saldo desta reuni\u00e3o. Seguiremos firmes e atentos \u00e0s melhorias para proteger nossas crian\u00e7as e fam\u00edlias caruaruenses\u201d, destacou Anderson.<\/p>\n<p style=\"text-align: justify;\">Siga o Instagram do Blog @blogdoedvaldomagalhaes<\/p>\n\n\n<figure class=\"wp-block-image size-full\"><img loading=\"lazy\" decoding=\"async\" width=\"1024\" height=\"768\" src=\"https:\/\/blogdoedvaldomagalhaes.com.br\/wp-content\/uploads\/2023\/04\/IMG-20230419-WA0064-1.jpg\" alt=\"\" class=\"wp-image-95231\" srcset=\"https:\/\/blogdoedvaldomagalhaes.com.br\/wp-content\/uploads\/2023\/04\/IMG-20230419-WA0064-1.jpg 1024w, https:\/\/blogdoedvaldomagalhaes.com.br\/wp-content\/uploads\/2023\/04\/IMG-20230419-WA0064-1-300x225.jpg 300w, https:\/\/blogdoedvaldomagalhaes.com.br\/wp-content\/uploads\/2023\/04\/IMG-20230419-WA0064-1-768x576.jpg 768w, https:\/\/blogdoedvaldomagalhaes.com.br\/wp-content\/uploads\/2023\/04\/IMG-20230419-WA0064-1-160x120.jpg 160w\" sizes=\"auto, (max-width: 1024px) 100vw, 1024px\" \/><\/figure>\n","protected":false},"excerpt":{"rendered":"<p>A pedido do vereador Anderson Correia, foi realizada, na manh\u00e3 desta quarta-feira (19), na C\u00e2mara Municipal de Caruaru, uma audi\u00eancia&hellip;<\/p>\n","protected":false},"author":1,"featured_media":95232,"comment_status":"closed","ping_status":"open","sticky":false,"template":"","format":"standard","meta":{"footnotes":""},"categories":[14122],"tags":[2,19532,3406,27297,20],"class_list":["post-95229","post","type-post","status-publish","format-standard","has-post-thumbnail","hentry","category-politica","tag-blog-do-edvaldo-magalhaes","tag-blog-mais-acessado-e-visualizado-de-caruaru-e-regiao","tag-caruaru","tag-convocada-por-anderson-correia-audiencia-publica-debate-seguranca-nas-escolas-na-camara-de-caruaru","tag-politica"],"_links":{"self":[{"href":"https:\/\/blogdoedvaldomagalhaes.com.br\/index.php\/wp-json\/wp\/v2\/posts\/95229","targetHints":{"allow":["GET"]}}],"collection":[{"href":"https:\/\/blogdoedvaldomagalhaes.com.br\/index.php\/wp-json\/wp\/v2\/posts"}],"about":[{"href":"https:\/\/blogdoedvaldomagalhaes.com.br\/index.php\/wp-json\/wp\/v2\/types\/post"}],"author":[{"embeddable":true,"href":"https:\/\/blogdoedvaldomagalhaes.com.br\/index.php\/wp-json\/wp\/v2\/users\/1"}],"replies":[{"embeddable":true,"href":"https:\/\/blogdoedvaldomagalhaes.com.br\/index.php\/wp-json\/wp\/v2\/comments?post=95229"}],"version-history":[{"count":1,"href":"https:\/\/blogdoedvaldomagalhaes.com.br\/index.php\/wp-json\/wp\/v2\/posts\/95229\/revisions"}],"predecessor-version":[{"id":95233,"href":"https:\/\/blogdoedvaldomagalhaes.com.br\/index.php\/wp-json\/wp\/v2\/posts\/95229\/revisions\/95233"}],"wp:featuredmedia":[{"embeddable":true,"href":"https:\/\/blogdoedvaldomagalhaes.com.br\/index.php\/wp-json\/wp\/v2\/media\/95232"}],"wp:attachment":[{"href":"https:\/\/blogdoedvaldomagalhaes.com.br\/index.php\/wp-json\/wp\/v2\/media?parent=95229"}],"wp:term":[{"taxonomy":"category","embeddable":true,"href":"https:\/\/blogdoedvaldomagalhaes.com.br\/index.php\/wp-json\/wp\/v2\/categories?post=95229"},{"taxonomy":"post_tag","embeddable":true,"href":"https:\/\/blogdoedvaldomagalhaes.com.br\/index.php\/wp-json\/wp\/v2\/tags?post=95229"}],"curies":[{"name":"wp","href":"https:\/\/api.w.org\/{rel}","templated":true}]}}