{"id":95226,"date":"2023-04-19T15:21:13","date_gmt":"2023-04-19T18:21:13","guid":{"rendered":"https:\/\/blogdoedvaldomagalhaes.com.br\/?p=95226"},"modified":"2023-04-19T15:21:14","modified_gmt":"2023-04-19T18:21:14","slug":"sinusite-atinge-uma-a-cada-oito-pessoas-no-mundo","status":"publish","type":"post","link":"https:\/\/blogdoedvaldomagalhaes.com.br\/index.php\/2023\/04\/19\/sinusite-atinge-uma-a-cada-oito-pessoas-no-mundo\/","title":{"rendered":"Sinusite atinge uma a cada oito pessoas no mundo"},"content":{"rendered":"<p style=\"text-align: justify;\"><span class=\"s3\" style=\"font-size: revert;\"><span class=\"bumpedFont15\">Com a chegada do outono no Brasil, o calor e o tempo ensolarado come\u00e7am a se misturar com o clima mais frio e dias chuvosos. E as <\/span><\/span><span class=\"s3\" style=\"font-size: revert;\"><span class=\"bumpedFont15\">mudan\u00e7as bruscas de temperatura favorecem o aumento de casos de sinusite, doen\u00e7a que atinge uma a cada oito pessoas em todo o mundo, segundo a <\/span><\/span><span class=\"s3\" style=\"font-size: revert;\"><span class=\"bumpedFont15\">AAO-HNSF (Academia Americana de Otorrinolaringologia e Cirurgia de Cabe\u00e7a e Pesco\u00e7o)<\/span><\/span><span class=\"s3\" style=\"font-size: revert;\"><span class=\"bumpedFont15\">.<\/span><\/span><\/p>\n<p style=\"text-align: justify;\"><span class=\"s3\"><span class=\"bumpedFont15\">\u201cP<\/span><\/span><span class=\"s3\"><span class=\"bumpedFont15\">or conta de temperaturas mais baixas, queda no \u00edndice de umidade do ar e maior <\/span><\/span><span class=\"s3\"><span class=\"bumpedFont15\">concentra\u00e7\u00e3o de poluentes na at<\/span><\/span><span class=\"s3\"><span class=\"bumpedFont15\">mosfera nesse per\u00edodo do ano, ocorre o aumento da prolifera\u00e7\u00e3o de doen\u00e7as respirat\u00f3rias. <\/span><\/span><span class=\"s3\"><span class=\"bumpedFont15\">N\u00e3o s\u00f3 a sinusite, mas tamb\u00e9m a<\/span><\/span><span class=\"s3\"><span class=\"bumpedFont15\"> rinite e a <\/span><\/span><span class=\"s3\"><span class=\"bumpedFont15\">rinossinusite<\/span><\/span><span class=\"s3\"><span class=\"bumpedFont15\"> s\u00e3o mais comuns nessas \u00e9pocas do ano<\/span><\/span><span class=\"s3\"><span class=\"bumpedFont15\">\u201d, explica a otorrinolaringologista Priscila Esp\u00ednola, do Hospital de Olhos Santa Luzia, integrante da rede Vision <\/span><\/span><span class=\"s3\"><span class=\"bumpedFont15\">One<\/span><\/span><span class=\"s3\"><span class=\"bumpedFont15\">.<\/span><\/span><\/p>\n<p style=\"text-align: justify;\"><span class=\"s3\"><span class=\"bumpedFont15\">De acordo com o Minist\u00e9rio da Sa\u00fade, a sinusite \u00e9 a inflama\u00e7\u00e3o das mucosas dos seios da face (regi\u00e3o do cr\u00e2nio formada por cavidades \u00f3sseas ao redor do nariz, olhos e ma\u00e7\u00e3s do rosto). Altera\u00e7\u00f5es anat\u00f4micas ou casos de alergia ou infec\u00e7\u00e3o podem facilitar o aparecimento de germes na regi\u00e3o, o que predisp\u00f5e \u00e0 sinusite. \u00a0<\/span><\/span><\/p>\n<p style=\"text-align: justify;\"><span class=\"s3\"><span class=\"bumpedFont15\">Al\u00e9m de causadas por fungos, bact\u00e9rias ou v\u00edrus, a sinusite pode aparecer por conta de muitos fatores, como mudan\u00e7a de clima, exposi\u00e7\u00e3o \u00e0 polui\u00e7\u00e3o do ar ou \u00e0 umidade, desvio de septo e at\u00e9 les\u00f5es nos c\u00edlios nasais.<\/span><\/span> \u201c<span class=\"s3\"><span class=\"bumpedFont15\">O importante \u00e9 a preven\u00e7\u00e3o. E<\/span><\/span><span class=\"s3\"><span class=\"bumpedFont15\">vite locais com polui\u00e7\u00e3o e fuma\u00e7a de cigarro, <\/span><\/span><span class=\"s3\"><span class=\"bumpedFont15\">higienize o ambiente para evitar \u00e1caros, p\u00f3len ou pelos de animais, n\u00e3o manipule as narinas com a m\u00e3o suja e se<\/span><\/span><span class=\"s3\"><span class=\"bumpedFont15\"> estiver num grupo de risco para a gripe, n\u00e3o se esque\u00e7a de tomar suas vacinas<\/span><\/span><span class=\"s3\"><span class=\"bumpedFont15\">\u201d, orienta a otorrinolaringologista Priscila Esp\u00ednola.<\/span><\/span><\/p>\n<p style=\"text-align: justify;\"><span class=\"s3\"><span class=\"bumpedFont15\">Pacientes com sinusite normalmente apresentam sintomas como congest\u00e3o nasal, dor de cabe\u00e7a, febre, secre\u00e7\u00e3o, perda de apetite, dores de garganta, entre outros<\/span><\/span><span class=\"s3\"><span class=\"bumpedFont15\">. Ainda segundo a <\/span><\/span><span class=\"s3\"><span class=\"bumpedFont15\">AAO-HNSF<\/span><\/span><span class=\"s3\"><span class=\"bumpedFont15\">, a sinusite \u00e9 a quinta causa mais frequente do uso de antibi\u00f3ticos.<\/span><\/span><\/p>\n<p style=\"text-align: justify;\"><span class=\"s3\"><span class=\"bumpedFont15\">A sinusite pode ser aguda ou cr\u00f4nica<\/span><\/span><span class=\"s3\"><span class=\"bumpedFont15\">. No primeiro caso, c<\/span><\/span><span class=\"s3\"><span class=\"bumpedFont15\">ostuma ocorrer dor de cabe\u00e7a<\/span><\/span><span class=\"s3\"><span class=\"bumpedFont15\"> na regi\u00e3o dos seios da face<\/span><\/span><span class=\"s3\"><span class=\"bumpedFont15\">. A dor pode ser forte, em pontada, puls\u00e1til ou sensa\u00e7\u00e3o de press\u00e3o ou peso na cabe\u00e7a. <\/span><\/span><span class=\"s3\"><span class=\"bumpedFont15\">Ainda h\u00e1 a presen\u00e7a de <\/span><\/span><span class=\"s3\"><span class=\"bumpedFont15\">secre\u00e7\u00e3o nasal, dificultando a respira\u00e7\u00e3o. Quando a sinusite est\u00e1 na forma cr\u00f4nica, <\/span><\/span><span class=\"s4\"><span class=\"bumpedFont15\">os sintomas s\u00e3o os mesmos, por\u00e9m variam muito de intensidade<\/span><\/span><span class=\"s4\"><span class=\"bumpedFont15\"> e s\u00e3o permanentes<\/span><\/span><span class=\"s4\"><span class=\"bumpedFont15\">.<\/span><\/span><\/p>\n<p style=\"text-align: justify;\"><span class=\"s3\"><span class=\"bumpedFont15\">Para tratar a doen\u00e7a, s\u00e3o indicados procedimentos como a lavagem nasal com soro fisiol\u00f3gico ou o uso de medicamentos como corticoides ou antibi\u00f3ticos, desde que receitados por um m\u00e9dico que seja especialista no tema. <\/span><\/span><span class=\"s3\"><span class=\"bumpedFont15\">\u201c<\/span><\/span><span class=\"s3\"><span class=\"bumpedFont15\">Os sintomas nasais mais leves costumam ter prazo de validade, e geralmente melhoram em um per\u00edodo de 3 a 5 dias, sem que voc\u00ea precise de aju<\/span><\/span><span class=\"s3\"><span class=\"bumpedFont15\">da m\u00e9dica para se recuperar\u201d, a otorrinolaringologista Priscila Esp\u00ednola. <\/span><\/span><\/p>\n<p style=\"text-align: justify;\"><span class=\"s3\"><span class=\"bumpedFont15\">\u201c<\/span><\/span><span class=\"s3\"><span class=\"bumpedFont15\">Entretanto, nos casos em que os sintomas persistam por mais de 5 dias, ou apare\u00e7am sinais de complica\u00e7\u00f5es \u00e9 recomend\u00e1vel procurar u<\/span><\/span><span class=\"s3\"><span class=\"bumpedFont15\">m m\u00e9dico otorrinolaringologista\u201d, finaliza a especialista do Hospital de Olhos Santa Luzia.<\/span><\/span><\/p>\n","protected":false},"excerpt":{"rendered":"<p>Com a chegada do outono no Brasil, o calor e o tempo ensolarado come\u00e7am a se misturar com o clima&hellip;<\/p>\n","protected":false},"author":1,"featured_media":95227,"comment_status":"closed","ping_status":"open","sticky":false,"template":"","format":"standard","meta":{"footnotes":""},"categories":[14120],"tags":[2,19532,3406,27294],"class_list":["post-95226","post","type-post","status-publish","format-standard","has-post-thumbnail","hentry","category-noticias","tag-blog-do-edvaldo-magalhaes","tag-blog-mais-acessado-e-visualizado-de-caruaru-e-regiao","tag-caruaru","tag-sinusite-atinge-uma-a-cada-oito-pessoas-no-mundo"],"_links":{"self":[{"href":"https:\/\/blogdoedvaldomagalhaes.com.br\/index.php\/wp-json\/wp\/v2\/posts\/95226","targetHints":{"allow":["GET"]}}],"collection":[{"href":"https:\/\/blogdoedvaldomagalhaes.com.br\/index.php\/wp-json\/wp\/v2\/posts"}],"about":[{"href":"https:\/\/blogdoedvaldomagalhaes.com.br\/index.php\/wp-json\/wp\/v2\/types\/post"}],"author":[{"embeddable":true,"href":"https:\/\/blogdoedvaldomagalhaes.com.br\/index.php\/wp-json\/wp\/v2\/users\/1"}],"replies":[{"embeddable":true,"href":"https:\/\/blogdoedvaldomagalhaes.com.br\/index.php\/wp-json\/wp\/v2\/comments?post=95226"}],"version-history":[{"count":1,"href":"https:\/\/blogdoedvaldomagalhaes.com.br\/index.php\/wp-json\/wp\/v2\/posts\/95226\/revisions"}],"predecessor-version":[{"id":95228,"href":"https:\/\/blogdoedvaldomagalhaes.com.br\/index.php\/wp-json\/wp\/v2\/posts\/95226\/revisions\/95228"}],"wp:featuredmedia":[{"embeddable":true,"href":"https:\/\/blogdoedvaldomagalhaes.com.br\/index.php\/wp-json\/wp\/v2\/media\/95227"}],"wp:attachment":[{"href":"https:\/\/blogdoedvaldomagalhaes.com.br\/index.php\/wp-json\/wp\/v2\/media?parent=95226"}],"wp:term":[{"taxonomy":"category","embeddable":true,"href":"https:\/\/blogdoedvaldomagalhaes.com.br\/index.php\/wp-json\/wp\/v2\/categories?post=95226"},{"taxonomy":"post_tag","embeddable":true,"href":"https:\/\/blogdoedvaldomagalhaes.com.br\/index.php\/wp-json\/wp\/v2\/tags?post=95226"}],"curies":[{"name":"wp","href":"https:\/\/api.w.org\/{rel}","templated":true}]}}