{"id":95223,"date":"2023-04-19T15:11:47","date_gmt":"2023-04-19T18:11:47","guid":{"rendered":"https:\/\/blogdoedvaldomagalhaes.com.br\/?p=95223"},"modified":"2023-04-19T15:11:48","modified_gmt":"2023-04-19T18:11:48","slug":"discurso-do-vereador-jorge-quintino-durante-a-audiencia-publica-sobre-seguranca-nas-escolas-a-violencia-nas-escolas-tem-o-odio-nas-suas-causas","status":"publish","type":"post","link":"https:\/\/blogdoedvaldomagalhaes.com.br\/index.php\/2023\/04\/19\/discurso-do-vereador-jorge-quintino-durante-a-audiencia-publica-sobre-seguranca-nas-escolas-a-violencia-nas-escolas-tem-o-odio-nas-suas-causas\/","title":{"rendered":"Discurso do vereador Jorge Quintino, durante a audi\u00eancia p\u00fablica sobre seguran\u00e7a nas escolas: \u201cA viol\u00eancia nas escolas tem o \u00f3dio nas suas causas\u201d"},"content":{"rendered":"<p style=\"text-align: justify;\"><span style=\"font-size: revert;\">\u201cA minha participa\u00e7\u00e3o nessa importante audi\u00eancia p\u00fablica n\u00e3o diz respeito apenas \u00e0 minha condi\u00e7\u00e3o de Vereador e de Presidente da Comiss\u00e3o de Educa\u00e7\u00e3o nessa Casa de Leis. Remonta, tamb\u00e9m, \u00e0 minha condi\u00e7\u00e3o de pai e de Professor, com um Mestrado em Hist\u00f3ria pela Universidade Federal de Pernambuco, defendido h\u00e1 vinte anos. Sim, em 2003, eu tinha a alegria de defender o tema \u201c Vozes de Clio: Um Estudo sobre o ensino de Hist\u00f3ria em Caruaru\u201d. Durante muito tempo lecionei em v\u00e1rios col\u00e9gios e Faculdades. Sim, eu sou professor de Hist\u00f3ria.\u00a0<\/span><\/p>\n<p style=\"text-align: justify;\">E nesse momento \u00e9 muito dif\u00edcil para qualquer pai, m\u00e3e ou professor n\u00e3o se sentir pessoalmente atingido por essas not\u00edcias, cada vez mais frequentes, de viol\u00eancia extrema no ambiente escolar. E \u00e9 importante refletir, por mais que ela seja mais expl\u00edcita nas escolas p\u00fablicas, sabemos que as escolas particulares tamb\u00e9m est\u00e3o at\u00f4nitas com esse desafio e esses momentos de \u00f3dio. Como n\u00e3o se colocar no lugar dos nossos colegas? Como n\u00e3o sucumbir ao medo? Como n\u00e3o sentir as dores dos pais vendo os seus filhos sendo abatidos por machadinhas no ambiente da escola? Como, simplesmente, seguir em frente?<br \/>\nSabemos o tamanho do problema que o Brasil vive. Sabemos tamb\u00e9m que n\u00e3o h\u00e1 respostas ou solu\u00e7\u00f5es f\u00e1ceis para uma quest\u00e3o t\u00e3o complexa e multifatorial. N\u00e3o temos a \u201cbala de prata\u201d. Nesse momento, todos buscam uma solu\u00e7\u00e3o m\u00e1gica. Entendo, perfeitamente, o clamor de alguns colegas por mais seguran\u00e7a nas escolas. Eu tamb\u00e9m penso assim. Eu tamb\u00e9m quero uma escola alegre, protegida e que possa desempenhar o seu papel social. Entretanto, me deparo com um dilema: transformar uma institui\u00e7\u00e3o que tem que ser acolhedora, um espa\u00e7o de socializa\u00e7\u00e3o em uma pris\u00e3o, creio que n\u00e3o resolver\u00e1 a quest\u00e3o.<br \/>\nO que estamos presenciando \u00e9 apenas a ponta do iceberg de uma sociedade hist\u00f3rica e profundamente violenta, que nunca foi capaz de encarar o seu passado e resolver as quest\u00f5es estruturais que nos trouxeram at\u00e9 aqui. O Brasil nasce a partir de um trip\u00e9 representado pelo genoc\u00eddio ind\u00edgena, escravid\u00e3o e a nossa t\u00e3o decantada miscigena\u00e7\u00e3o, fruto da viol\u00eancia sexual contra mulheres ind\u00edgenas e africanas.<br \/>\nQuando analisamos a nossa Hist\u00f3ria, percebemos rupturas institucionais, onde um novo modelo civilizacional poderia ter sido adotado, n\u00e3o passaram de arranjos feitos pela elite, para manter o seu poder pol\u00edtico e econ\u00f4mico. Vejamos: A nossa coloniza\u00e7\u00e3o foi de explora\u00e7\u00e3o; a independ\u00eancia do Brasil, feita pelo pr\u00edncipe portugu\u00eas. O fim da escravid\u00e3o sem a ado\u00e7\u00e3o de pol\u00edticas compensat\u00f3rias, e at\u00e9 hoje a discuss\u00e3o do t\u00edmido sistema de cotas raciais \u00e9 marcada por pol\u00eamicas embaladas em preconceitos raciais e de classe.<br \/>\nA Proclama\u00e7\u00e3o da Rep\u00fablica em 15 de novembro de 1889, foi resultado da mobiliza\u00e7\u00e3o do Ex\u00e9rcito e de republicanos civis contra a monarquia instalada no pa\u00eds desde 1822. Ou seja, a partir de um golpe, a rep\u00fablica foi instaurada no Brasil e a fam\u00edlia real foi expulsa. Foi um golpe militar tendo um monarquista \u00e0 frente e marca uma caracter\u00edstica tr\u00e1gica de nossa hist\u00f3ria, a interven\u00e7\u00e3o militar em assuntos pol\u00edticos que deveriam ser restritos a civis. A ditadura militar inaugura uma cultura de torturas pelas institui\u00e7\u00f5es de seguran\u00e7a, que se perpetua at\u00e9 hoje na viol\u00eancia policial contra as classes populares, onde as v\u00edtimas s\u00e3o quase todas pretas. A anistia, no final da ditadura civil-militar, de 1964, n\u00e3o puniu e manteve na vida institucional do pa\u00eds aqueles que deveriam estar atr\u00e1s das grades. Naturalizamos o horror!<br \/>\nDepois de mais de 500 anos ap\u00f3s a chegada dos portugueses, n\u00e3o deixamos de ser um pa\u00eds agroexportador, com uma m\u00e3o de obra explorada ao limite. Todos os dias a imprensa nos traz den\u00fancias de uso de trabalho an\u00e1logo \u00e0 escravid\u00e3o. Estamos entre as quinze maiores economias do mundo, entretanto, a nossa concentra\u00e7\u00e3o de renda \u00e9 imoral. Somos um pa\u00eds rico em meio a mis\u00e9ria, 0,5% dos brasileiros concentram quase 45% do PIB nacional. Mesmo durante a trag\u00e9dia da Covid, o n\u00famero de bilion\u00e1rios cresceu. Em 2020, o Brasil passou a ter 33 novos super ricos. J\u00e1 no ano de 2021 havia 17,9 milh\u00f5es de pessoas em extrema pobreza. Segundo a ONU, a cada 23 minutos um jovem negro morre de forma violenta em terras brasileiras. Somos o 5\u00b0 pa\u00eds do mundo que mais mata mulheres. Somos no mundo, o primeiro em assassinatos de transsexuais.<br \/>\nToda essa nossa trag\u00e9dia \u00e9 fruto de um mundo capitalista, individualista e consumista, no qual o cidad\u00e3o foi substitu\u00eddo pelo consumidor. O que temos s\u00e3o pessoas se transforando em \u2018TERES HUMANOS\u2019 e n\u00e3o em SERES HUMANOS.<br \/>\nEstamos em uma sociedade em que o objetivo maior que \u00e9 ganhar e ganhar mais dinheiro, nos tirou o tempo para nossas crian\u00e7as e adolescentes e, muitas vezes, cansados e infelizes, vemos muitos pais substitu\u00edrem o ato de educar, que gera antagonismos, com o de ceder a desejos dos seus filhos numa forma de compensa\u00e7\u00e3o. E a\u00ed \u00e9 f\u00e1cil vermos os t\u00eanis que custam mais de um sal\u00e1rio-m\u00ednimo as f\u00e9rias na Disney que estouram o or\u00e7amento familiar, tentando compensar as suas aus\u00eancias e criando uma gera\u00e7\u00e3o de pobres crian\u00e7as ricas, imaturas e tristes, vivendo internamente uma corrida louca e desesperada em busca por aten\u00e7\u00e3o.<br \/>\nEstamos vivendo uma legitima\u00e7\u00e3o da viol\u00eancia como forma de resolu\u00e7\u00e3o de conflitos. Ela est\u00e1 nas ruas, no cinema, nas novelas, nos jogos eletr\u00f4nicos, nos esportes, no tr\u00e2nsito, nas fam\u00edlias. Estabelecemos uma luta pela sobreviv\u00eancia numa selva de pedra em que o outro \u00e9 o inimigo a ser exterminado, numa competi\u00e7\u00e3o insana. A vida foi banalizada.<br \/>\nDesde 2018, o nosso Pa\u00eds se tornou a Na\u00e7\u00e3o com o maior crescimento da extrema direita no mundo. Nos tr\u00eas \u00faltimos anos os grupos neonazistas cresceram 270%. O discurso do \u00f3dio se naturalizou e nossas institui\u00e7\u00f5es n\u00e3o t\u00eam mostrado capacidade de enfrentamento. O submundo da internet tem cooptado jovens para essas ideias.<br \/>\n\u00c9 claro que diante do caos estabelecido e de trag\u00e9dias anunciadas, queremos uma solu\u00e7\u00e3o de qualquer forma, a sensa\u00e7\u00e3o \u00e9 de luto. Imposs\u00edvel imaginar a dor de pais e m\u00e3es que, ao deixarem seus filhos numa escola ou creche, acreditam que est\u00e3o em um lugar seguro e, de forma dram\u00e1tica, veem os pequenos corpos saindo em caix\u00f5es.<br \/>\nInfelizmente, n\u00e3o existe solu\u00e7\u00e3o f\u00e1cil, s\u00e3o necess\u00e1rias medidas de curto, m\u00e9dio e longo prazo. Mudan\u00e7as estruturais s\u00e3o imprescind\u00edveis. No entanto, a comunidade escolar tem um papel fundamental a cumprir, \u00e9 preciso investir no contradiscurso do \u00f3dio, precisamos de uma educa\u00e7\u00e3o que valorize o respeito \u00e0s diferen\u00e7as, a solu\u00e7\u00e3o negociada de conflitos, o resgate da no\u00e7\u00e3o de direitos humanos. Precisamos de Psic\u00f3logos nas escolas, Orientadores educacionais. Presen\u00e7a da fam\u00edlia; combate aos sites influenciadores das nossa crian\u00e7as, adolescentes e jovens. Caso contr\u00e1rio, continuaremos todos sendo v\u00edtimas e algozes em uma sociedade insana que elegeu o \u00f3dio como rumo.<br \/>\nContinuaremos lutando. O nosso mandato cobrar\u00e1 das autoridades, as suas devidas responsabilidades em todas as esferas de poder. O nosso Gabinete \u00e9 uma porta aberta para a busca das solu\u00e7\u00f5es poss\u00edveis. Tudo faremos para combater o \u00f3dio e seguiremos na busca da paz para as nossas escolas, para as nossas crian\u00e7as.<br \/>\nMuito obrigado!\u201d<\/p>\n<p style=\"text-align: justify;\">Foto: Vladimir Barreto.<\/p>\n<p style=\"text-align: justify;\">\u00a0Siga o Instagram do Blog @blogdoedvaldomagalhaes<\/p>\n","protected":false},"excerpt":{"rendered":"<p>\u201cA minha participa\u00e7\u00e3o nessa importante audi\u00eancia p\u00fablica n\u00e3o diz respeito apenas \u00e0 minha condi\u00e7\u00e3o de Vereador e de Presidente da&hellip;<\/p>\n","protected":false},"author":1,"featured_media":95224,"comment_status":"closed","ping_status":"open","sticky":false,"template":"","format":"standard","meta":{"footnotes":""},"categories":[14122],"tags":[2,19532,3406,27293,20295],"class_list":["post-95223","post","type-post","status-publish","format-standard","has-post-thumbnail","hentry","category-politica","tag-blog-do-edvaldo-magalhaes","tag-blog-mais-acessado-e-visualizado-de-caruaru-e-regiao","tag-caruaru","tag-discurso-do-vereador-jorge-quintino-durante-a-audiencia-publica-sobre-seguranca-nas-escolas-a-violencia-nas-escolas-tem-o-odio-nas-suas-causas","tag-politica-2"],"_links":{"self":[{"href":"https:\/\/blogdoedvaldomagalhaes.com.br\/index.php\/wp-json\/wp\/v2\/posts\/95223","targetHints":{"allow":["GET"]}}],"collection":[{"href":"https:\/\/blogdoedvaldomagalhaes.com.br\/index.php\/wp-json\/wp\/v2\/posts"}],"about":[{"href":"https:\/\/blogdoedvaldomagalhaes.com.br\/index.php\/wp-json\/wp\/v2\/types\/post"}],"author":[{"embeddable":true,"href":"https:\/\/blogdoedvaldomagalhaes.com.br\/index.php\/wp-json\/wp\/v2\/users\/1"}],"replies":[{"embeddable":true,"href":"https:\/\/blogdoedvaldomagalhaes.com.br\/index.php\/wp-json\/wp\/v2\/comments?post=95223"}],"version-history":[{"count":1,"href":"https:\/\/blogdoedvaldomagalhaes.com.br\/index.php\/wp-json\/wp\/v2\/posts\/95223\/revisions"}],"predecessor-version":[{"id":95225,"href":"https:\/\/blogdoedvaldomagalhaes.com.br\/index.php\/wp-json\/wp\/v2\/posts\/95223\/revisions\/95225"}],"wp:featuredmedia":[{"embeddable":true,"href":"https:\/\/blogdoedvaldomagalhaes.com.br\/index.php\/wp-json\/wp\/v2\/media\/95224"}],"wp:attachment":[{"href":"https:\/\/blogdoedvaldomagalhaes.com.br\/index.php\/wp-json\/wp\/v2\/media?parent=95223"}],"wp:term":[{"taxonomy":"category","embeddable":true,"href":"https:\/\/blogdoedvaldomagalhaes.com.br\/index.php\/wp-json\/wp\/v2\/categories?post=95223"},{"taxonomy":"post_tag","embeddable":true,"href":"https:\/\/blogdoedvaldomagalhaes.com.br\/index.php\/wp-json\/wp\/v2\/tags?post=95223"}],"curies":[{"name":"wp","href":"https:\/\/api.w.org\/{rel}","templated":true}]}}