{"id":95209,"date":"2023-04-19T14:21:49","date_gmt":"2023-04-19T17:21:49","guid":{"rendered":"https:\/\/blogdoedvaldomagalhaes.com.br\/?p=95209"},"modified":"2023-04-19T15:05:09","modified_gmt":"2023-04-19T18:05:09","slug":"vereadora-mery-da-saude-perde-mandato-apos-tre-cassar-chapa-do-psd-caruaru","status":"publish","type":"post","link":"https:\/\/blogdoedvaldomagalhaes.com.br\/index.php\/2023\/04\/19\/vereadora-mery-da-saude-perde-mandato-apos-tre-cassar-chapa-do-psd-caruaru\/","title":{"rendered":"Vereadora Mery da Sa\u00fade perde mandato, ap\u00f3s TRE cassar chapa do PSD Caruaru"},"content":{"rendered":"<div>\u00a0<\/div>\n<div style=\"text-align: justify;\">A reportagem do Blog do Edvaldo Magalh\u00e3es estava fazendo a cobertura de uma audi\u00eancia p\u00fablica na C\u00e2mara de Vereadores de Caruaru, nesta quarta-feira (19), quando membros do Tribunal Regional Eleitoral (TRE) de Pernambuco entregaram um<span style=\"color: initial;\"><span style=\"color: initial;\">a decis\u00e3o do juiz Jos\u00e9 Adelmo, determinando a cassa\u00e7\u00e3o de toda a chapa do PSD &#8211; Partido Social Democr\u00e1tico, em Caruaru, ap\u00f3s\u00a0<\/span><\/span><span style=\"font-size: revert;\">den\u00fancias de fraude \u00e0 cota de \u00a0g\u00eanero. Com isso, Mery da Sa\u00fade perde o mandato. Uma\u00a0<\/span><span style=\"font-size: revert;\">nova contagem de votos deve ocorrer, para saber quem vai assumir a cadeira, e pode ser do PT ou PL.<\/span><span style=\"color: initial;\"><br \/><\/span><\/div>\n<div style=\"text-align: justify;\">\u00a0<\/div>\n<div style=\"text-align: justify;\">O Blog procurou o presidente da Casa, Bruno Lambreta, em seu gabinete, e como o vereador estava de sa\u00edda para um encontro com a governadora, n\u00e3o tinha tempo dispon\u00edvel para entrevista e afirmou rapidamente que ir\u00e1 cumprir a determina\u00e7\u00e3o da Justi\u00e7a, e ainda hoje (19), a vereadora ser\u00e1 afastada do cargo. At\u00e9 o momento, n\u00e3o se sabe que<span style=\"color: initial;\">m vai assumir a cadeira na C\u00e2mara.<\/span><\/div>\n<div style=\"text-align: justify;\">\u00a0<\/div>\n<div style=\"text-align: justify;\">Foto: Vladimir Barreto.<\/div>\n<div style=\"text-align: justify;\">\u00a0<\/div>\n<div style=\"text-align: justify;\">Siga o Instagram do Blog @blogdoedvaldomagalhaes<\/div>\n\n\n<p><\/p>\n","protected":false},"excerpt":{"rendered":"<p>\u00a0 A reportagem do Blog do Edvaldo Magalh\u00e3es estava fazendo a cobertura de uma audi\u00eancia p\u00fablica na C\u00e2mara de Vereadores&hellip;<\/p>\n","protected":false},"author":1,"featured_media":95211,"comment_status":"closed","ping_status":"open","sticky":false,"template":"","format":"standard","meta":{"footnotes":""},"categories":[14122],"tags":[2,19532,3406,20,27292],"class_list":["post-95209","post","type-post","status-publish","format-standard","has-post-thumbnail","hentry","category-politica","tag-blog-do-edvaldo-magalhaes","tag-blog-mais-acessado-e-visualizado-de-caruaru-e-regiao","tag-caruaru","tag-politica","tag-vereadora-mery-da-saude-perde-mandato-apos-tre-cassar-chapa-do-psd-caruaru"],"_links":{"self":[{"href":"https:\/\/blogdoedvaldomagalhaes.com.br\/index.php\/wp-json\/wp\/v2\/posts\/95209","targetHints":{"allow":["GET"]}}],"collection":[{"href":"https:\/\/blogdoedvaldomagalhaes.com.br\/index.php\/wp-json\/wp\/v2\/posts"}],"about":[{"href":"https:\/\/blogdoedvaldomagalhaes.com.br\/index.php\/wp-json\/wp\/v2\/types\/post"}],"author":[{"embeddable":true,"href":"https:\/\/blogdoedvaldomagalhaes.com.br\/index.php\/wp-json\/wp\/v2\/users\/1"}],"replies":[{"embeddable":true,"href":"https:\/\/blogdoedvaldomagalhaes.com.br\/index.php\/wp-json\/wp\/v2\/comments?post=95209"}],"version-history":[{"count":8,"href":"https:\/\/blogdoedvaldomagalhaes.com.br\/index.php\/wp-json\/wp\/v2\/posts\/95209\/revisions"}],"predecessor-version":[{"id":95222,"href":"https:\/\/blogdoedvaldomagalhaes.com.br\/index.php\/wp-json\/wp\/v2\/posts\/95209\/revisions\/95222"}],"wp:featuredmedia":[{"embeddable":true,"href":"https:\/\/blogdoedvaldomagalhaes.com.br\/index.php\/wp-json\/wp\/v2\/media\/95211"}],"wp:attachment":[{"href":"https:\/\/blogdoedvaldomagalhaes.com.br\/index.php\/wp-json\/wp\/v2\/media?parent=95209"}],"wp:term":[{"taxonomy":"category","embeddable":true,"href":"https:\/\/blogdoedvaldomagalhaes.com.br\/index.php\/wp-json\/wp\/v2\/categories?post=95209"},{"taxonomy":"post_tag","embeddable":true,"href":"https:\/\/blogdoedvaldomagalhaes.com.br\/index.php\/wp-json\/wp\/v2\/tags?post=95209"}],"curies":[{"name":"wp","href":"https:\/\/api.w.org\/{rel}","templated":true}]}}