{"id":95199,"date":"2023-04-19T09:26:24","date_gmt":"2023-04-19T12:26:24","guid":{"rendered":"https:\/\/blogdoedvaldomagalhaes.com.br\/?p=95199"},"modified":"2023-04-19T12:28:51","modified_gmt":"2023-04-19T15:28:51","slug":"gesseiro-assassinado-a-tiros-em-caruaru","status":"publish","type":"post","link":"https:\/\/blogdoedvaldomagalhaes.com.br\/index.php\/2023\/04\/19\/gesseiro-assassinado-a-tiros-em-caruaru\/","title":{"rendered":"Gesseiro assassinado a tiros em Caruaru"},"content":{"rendered":"<p style=\"text-align: justify;\">Um homic\u00eddio foi registrado na manh\u00e3 desta quarta-feira (19), na rua S\u00e9rgio Loreto, no bairro Indian\u00e1polis, em Caruaru. A v\u00edtima foi o gesseiro Williames Ant\u00f4nio Alves, conhecido como Lima do Gesso, de 35 anos de idade.<\/p>\n<p style=\"text-align: justify;\">De acordo com informa\u00e7\u00f5es do pai da v\u00edtima, Graciliano Ant\u00f4nio Alves, o rapaz foi \u00a0preso \u00a0em 2011 por porte de arma de fogo. Ele disse que este foi o terceiro filho assassinado.<\/p>\n<p style=\"text-align: justify;\">O crime foi praticado por dois homens encapuzados que fugiram em um carro ainda n\u00e3o identificado. Ap\u00f3s per\u00edcia, o corpo ser\u00e1 encaminhado para o IML.<\/p>\n<p style=\"text-align: justify;\">Este \u00e9 o 9\u00b0 homic\u00eddio do m\u00eas de abril, e o 44\u00b0 no ano de 2023, em Caruaru.<\/p>\n","protected":false},"excerpt":{"rendered":"<p>Um homic\u00eddio foi registrado na manh\u00e3 desta quarta-feira (19), na rua S\u00e9rgio Loreto, no bairro Indian\u00e1polis, em Caruaru. A v\u00edtima&hellip;<\/p>\n","protected":false},"author":1,"featured_media":95200,"comment_status":"closed","ping_status":"open","sticky":false,"template":"","format":"standard","meta":{"footnotes":""},"categories":[14121],"tags":[2,19532,27291,5448],"class_list":["post-95199","post","type-post","status-publish","format-standard","has-post-thumbnail","hentry","category-policial","tag-blog-do-edvaldo-magalhaes","tag-blog-mais-acessado-e-visualizado-de-caruaru-e-regiao","tag-gesseiro-e-assassinado-a-tiros-em-caruaru","tag-homicidio"],"_links":{"self":[{"href":"https:\/\/blogdoedvaldomagalhaes.com.br\/index.php\/wp-json\/wp\/v2\/posts\/95199","targetHints":{"allow":["GET"]}}],"collection":[{"href":"https:\/\/blogdoedvaldomagalhaes.com.br\/index.php\/wp-json\/wp\/v2\/posts"}],"about":[{"href":"https:\/\/blogdoedvaldomagalhaes.com.br\/index.php\/wp-json\/wp\/v2\/types\/post"}],"author":[{"embeddable":true,"href":"https:\/\/blogdoedvaldomagalhaes.com.br\/index.php\/wp-json\/wp\/v2\/users\/1"}],"replies":[{"embeddable":true,"href":"https:\/\/blogdoedvaldomagalhaes.com.br\/index.php\/wp-json\/wp\/v2\/comments?post=95199"}],"version-history":[{"count":5,"href":"https:\/\/blogdoedvaldomagalhaes.com.br\/index.php\/wp-json\/wp\/v2\/posts\/95199\/revisions"}],"predecessor-version":[{"id":95208,"href":"https:\/\/blogdoedvaldomagalhaes.com.br\/index.php\/wp-json\/wp\/v2\/posts\/95199\/revisions\/95208"}],"wp:featuredmedia":[{"embeddable":true,"href":"https:\/\/blogdoedvaldomagalhaes.com.br\/index.php\/wp-json\/wp\/v2\/media\/95200"}],"wp:attachment":[{"href":"https:\/\/blogdoedvaldomagalhaes.com.br\/index.php\/wp-json\/wp\/v2\/media?parent=95199"}],"wp:term":[{"taxonomy":"category","embeddable":true,"href":"https:\/\/blogdoedvaldomagalhaes.com.br\/index.php\/wp-json\/wp\/v2\/categories?post=95199"},{"taxonomy":"post_tag","embeddable":true,"href":"https:\/\/blogdoedvaldomagalhaes.com.br\/index.php\/wp-json\/wp\/v2\/tags?post=95199"}],"curies":[{"name":"wp","href":"https:\/\/api.w.org\/{rel}","templated":true}]}}