{"id":95192,"date":"2023-04-18T20:53:36","date_gmt":"2023-04-18T23:53:36","guid":{"rendered":"https:\/\/blogdoedvaldomagalhaes.com.br\/?p=95192"},"modified":"2023-04-18T20:53:37","modified_gmt":"2023-04-18T23:53:37","slug":"a-pedido-do-vereador-edmilson-do-salgado-prefeitura-conserta-esgotos","status":"publish","type":"post","link":"https:\/\/blogdoedvaldomagalhaes.com.br\/index.php\/2023\/04\/18\/a-pedido-do-vereador-edmilson-do-salgado-prefeitura-conserta-esgotos\/","title":{"rendered":"A pedido do vereador Edmilson do Salgado, prefeitura conserta esgotos"},"content":{"rendered":"<p style=\"text-align: justify;\"><span style=\"font-size: revert; color: initial;\">O vereador Edmilson do Salgado, visitou algumas ruas dos bairros do Salgado e S\u00e3o Jo\u00e3o da Esc\u00f3cia, e viu v\u00e1rios esgotos estourados, onde registrou por fotos e encaminhou para o Poder Executivo Municipal.<\/span><\/p>\n<p style=\"text-align: justify;\">A pedido do parlamentar, uma equipe da prefeitura de Caruaru, esteve em algumas ruas, resolvendo alguns problemas onde os moradores j\u00e1 n\u00e3o aguentavam mais o mau cheiro que adentravam em suas resid\u00eancias. Entre elas est\u00e3o:<\/p>\n<p style=\"text-align: justify;\">\ud83d\udccdRua Mario Sete;<br \/>\ud83d\udccdRua Carolina;<br \/>\ud83d\udccd1\u00aa TV M\u00e1rio Sete;<br \/>\ud83d\udccd Pra\u00e7a Jo\u00e3o Cabeludo;<br \/>\ud83d\udccdCel. Joaquim de Barros.<\/p>\n<p style=\"text-align: justify;\">&#8220;Nosso trabalho e compromisso pela melhoria dos moradores que residem nos quatros cantos de nossa cidade, n\u00e3o param! Temos trabalhado incansavelmente na \u00e1rea de &#8221;desobstru\u00e7\u00e3o de esgoto&#8221; e continuaremos firmes e fortes!&#8221;, afirmou o vereador Edmilson do Salgado.<\/p>\n\n\n<figure class=\"wp-block-image size-large\"><img loading=\"lazy\" decoding=\"async\" width=\"768\" height=\"1024\" src=\"https:\/\/blogdoedvaldomagalhaes.com.br\/wp-content\/uploads\/2023\/04\/IMG-20230418-WA0087-768x1024.jpg\" alt=\"\" class=\"wp-image-95194\" srcset=\"https:\/\/blogdoedvaldomagalhaes.com.br\/wp-content\/uploads\/2023\/04\/IMG-20230418-WA0087-768x1024.jpg 768w, https:\/\/blogdoedvaldomagalhaes.com.br\/wp-content\/uploads\/2023\/04\/IMG-20230418-WA0087-225x300.jpg 225w, https:\/\/blogdoedvaldomagalhaes.com.br\/wp-content\/uploads\/2023\/04\/IMG-20230418-WA0087-1152x1536.jpg 1152w, https:\/\/blogdoedvaldomagalhaes.com.br\/wp-content\/uploads\/2023\/04\/IMG-20230418-WA0087.jpg 1200w\" sizes=\"auto, (max-width: 768px) 100vw, 768px\" \/><figcaption class=\"wp-element-caption\">Fotos: Divulga\u00e7\u00e3o <\/figcaption><\/figure>\n\n\n<p style=\"text-align: justify;\">&#8220;Agrade\u00e7o a todos, de A a Z que trabalham para juntos oferecermos mais qualidade de vida, para os moradores desses bairros que citamos acima&#8221;, concluiu Edmilson do Salgado.\u00a0<\/p>","protected":false},"excerpt":{"rendered":"<p>O vereador Edmilson do Salgado, visitou algumas ruas dos bairros do Salgado e S\u00e3o Jo\u00e3o da Esc\u00f3cia, e viu v\u00e1rios&hellip;<\/p>\n","protected":false},"author":1,"featured_media":95193,"comment_status":"closed","ping_status":"open","sticky":false,"template":"","format":"standard","meta":{"footnotes":""},"categories":[14120],"tags":[27289,2,19532,3406,20],"class_list":["post-95192","post","type-post","status-publish","format-standard","has-post-thumbnail","hentry","category-noticias","tag-a-pedido-do-vereador-edmilson-do-salgado-prefeitura-conserta-esgotos","tag-blog-do-edvaldo-magalhaes","tag-blog-mais-acessado-e-visualizado-de-caruaru-e-regiao","tag-caruaru","tag-politica"],"_links":{"self":[{"href":"https:\/\/blogdoedvaldomagalhaes.com.br\/index.php\/wp-json\/wp\/v2\/posts\/95192","targetHints":{"allow":["GET"]}}],"collection":[{"href":"https:\/\/blogdoedvaldomagalhaes.com.br\/index.php\/wp-json\/wp\/v2\/posts"}],"about":[{"href":"https:\/\/blogdoedvaldomagalhaes.com.br\/index.php\/wp-json\/wp\/v2\/types\/post"}],"author":[{"embeddable":true,"href":"https:\/\/blogdoedvaldomagalhaes.com.br\/index.php\/wp-json\/wp\/v2\/users\/1"}],"replies":[{"embeddable":true,"href":"https:\/\/blogdoedvaldomagalhaes.com.br\/index.php\/wp-json\/wp\/v2\/comments?post=95192"}],"version-history":[{"count":1,"href":"https:\/\/blogdoedvaldomagalhaes.com.br\/index.php\/wp-json\/wp\/v2\/posts\/95192\/revisions"}],"predecessor-version":[{"id":95195,"href":"https:\/\/blogdoedvaldomagalhaes.com.br\/index.php\/wp-json\/wp\/v2\/posts\/95192\/revisions\/95195"}],"wp:featuredmedia":[{"embeddable":true,"href":"https:\/\/blogdoedvaldomagalhaes.com.br\/index.php\/wp-json\/wp\/v2\/media\/95193"}],"wp:attachment":[{"href":"https:\/\/blogdoedvaldomagalhaes.com.br\/index.php\/wp-json\/wp\/v2\/media?parent=95192"}],"wp:term":[{"taxonomy":"category","embeddable":true,"href":"https:\/\/blogdoedvaldomagalhaes.com.br\/index.php\/wp-json\/wp\/v2\/categories?post=95192"},{"taxonomy":"post_tag","embeddable":true,"href":"https:\/\/blogdoedvaldomagalhaes.com.br\/index.php\/wp-json\/wp\/v2\/tags?post=95192"}],"curies":[{"name":"wp","href":"https:\/\/api.w.org\/{rel}","templated":true}]}}