{"id":95185,"date":"2023-04-18T17:58:54","date_gmt":"2023-04-18T20:58:54","guid":{"rendered":"https:\/\/blogdoedvaldomagalhaes.com.br\/?p=95185"},"modified":"2023-04-18T17:58:55","modified_gmt":"2023-04-18T20:58:55","slug":"vereador-irmao-ronaldo-solicita-reforma-e-requalificacao-de-pracas-em-caruaru","status":"publish","type":"post","link":"https:\/\/blogdoedvaldomagalhaes.com.br\/index.php\/2023\/04\/18\/vereador-irmao-ronaldo-solicita-reforma-e-requalificacao-de-pracas-em-caruaru\/","title":{"rendered":"Vereador Irm\u00e3o Ronaldo solicita reforma e requalifica\u00e7\u00e3o de pra\u00e7as em Caruaru"},"content":{"rendered":"<p style=\"text-align: justify;\"><b>REQUERIMENTOS SOLICITADOS DE AUTORIA DO VEREADOR IRM\u00c3O RONALDO\u00a0<\/b><\/p>\n<p style=\"text-align: justify;\"><b>REQUERIMENTO <\/b><span style=\"font-weight: 400;\">para que se Viabilize a Reforma e Requalifica\u00e7\u00e3o da Pracinha que \u00e9 um ponto de \u00f4nibus em frente \u00e0 pra\u00e7a da quadra de areia na Avenida Caruaru.<\/span><\/p>\n<p style=\"text-align: justify;\"><b>REQUERIMENTO<\/b><span style=\"font-weight: 400;\"> para que se Viabilize a Reforma e Requalifica\u00e7\u00e3o da pra\u00e7a que fica localizada no cruzamento entre a Avenida da Rep\u00fablica e a Avenida Rui Barbosa, bairro Divin\u00f3polis<\/span><\/p>\n<p style=\"text-align: justify;\"><b>REQUERIMENTO<\/b><span style=\"font-weight: 400;\"> para que seja realizada a IMPLANTA\u00c7\u00c3O DE ILUMINA\u00c7\u00c3O EM LED (LIGHT EMITTING DIODE), na rede de ilumina\u00e7\u00e3o p\u00fablica das Ruas: Noinda Alves, In\u00e1cio Dami\u00e3o, Alexandrina Ferreira, Vov\u00f3 Luiza e Dr. Alberto Sabino, Localizadas no Loteamento Jo\u00e3o Barreto, nesta cidade.<\/span><\/p>\n<p style=\"text-align: justify;\"><b>REQUERIMENTO<\/b><span style=\"font-weight: 400;\"> para que se Viabilize A PAVIMENTA\u00c7\u00c3O E UMA INFRAESTRUTURA NO ESTACIONAMENTO DA FEIRA DA SULANCA, localizado por tr\u00e1s da Escola Municipal Professor Jos\u00e9 Flor\u00eancio Neto Machadinho, bairro S\u00e3o Francisco.<\/span><\/p>\n<p style=\"text-align: justify;\"><b>REQUERIMENTO<\/b><span style=\"font-weight: 400;\"> para que se proceda com a realiza\u00e7\u00e3o de servi\u00e7os de terraplanagem\/patrolamento nas Ruas Patr\u00edcia Santos; Reginalda Fran\u00e7a; Sebasti\u00e3o Luna Carvalho; Travessa Nossa Senhora das Dores; Jos\u00e9 Bezerra de Ara\u00fajo; Dom Ant\u00f4nio Soares Costa; Av. Ant\u00f4nio Carlos; Pedro Ez\u00eddio; Professor Adilson; Jo\u00e3o Vanderley Neto; TODAS localizadas no Bairro Jos\u00e9 Carlos de Oliveira, nesta cidade.\u00a0<\/span><\/p>\n<p>Foto: Vladimir Barreto.<\/p>\n<p style=\"text-align: justify;\">Siga o Instagram do Blog @blogdoedvaldomagalhaes<\/p>\n","protected":false},"excerpt":{"rendered":"<p>REQUERIMENTOS SOLICITADOS DE AUTORIA DO VEREADOR IRM\u00c3O RONALDO\u00a0 REQUERIMENTO para que se Viabilize a Reforma e Requalifica\u00e7\u00e3o da Pracinha que&hellip;<\/p>\n","protected":false},"author":1,"featured_media":93193,"comment_status":"closed","ping_status":"open","sticky":false,"template":"","format":"standard","meta":{"footnotes":""},"categories":[14122],"tags":[2,19532,3406,20,27287],"class_list":["post-95185","post","type-post","status-publish","format-standard","has-post-thumbnail","hentry","category-politica","tag-blog-do-edvaldo-magalhaes","tag-blog-mais-acessado-e-visualizado-de-caruaru-e-regiao","tag-caruaru","tag-politica","tag-vereador-irmao-ronaldo-solicita-reforma-e-requalificacao-de-pracas-em-caruaru"],"_links":{"self":[{"href":"https:\/\/blogdoedvaldomagalhaes.com.br\/index.php\/wp-json\/wp\/v2\/posts\/95185","targetHints":{"allow":["GET"]}}],"collection":[{"href":"https:\/\/blogdoedvaldomagalhaes.com.br\/index.php\/wp-json\/wp\/v2\/posts"}],"about":[{"href":"https:\/\/blogdoedvaldomagalhaes.com.br\/index.php\/wp-json\/wp\/v2\/types\/post"}],"author":[{"embeddable":true,"href":"https:\/\/blogdoedvaldomagalhaes.com.br\/index.php\/wp-json\/wp\/v2\/users\/1"}],"replies":[{"embeddable":true,"href":"https:\/\/blogdoedvaldomagalhaes.com.br\/index.php\/wp-json\/wp\/v2\/comments?post=95185"}],"version-history":[{"count":1,"href":"https:\/\/blogdoedvaldomagalhaes.com.br\/index.php\/wp-json\/wp\/v2\/posts\/95185\/revisions"}],"predecessor-version":[{"id":95186,"href":"https:\/\/blogdoedvaldomagalhaes.com.br\/index.php\/wp-json\/wp\/v2\/posts\/95185\/revisions\/95186"}],"wp:featuredmedia":[{"embeddable":true,"href":"https:\/\/blogdoedvaldomagalhaes.com.br\/index.php\/wp-json\/wp\/v2\/media\/93193"}],"wp:attachment":[{"href":"https:\/\/blogdoedvaldomagalhaes.com.br\/index.php\/wp-json\/wp\/v2\/media?parent=95185"}],"wp:term":[{"taxonomy":"category","embeddable":true,"href":"https:\/\/blogdoedvaldomagalhaes.com.br\/index.php\/wp-json\/wp\/v2\/categories?post=95185"},{"taxonomy":"post_tag","embeddable":true,"href":"https:\/\/blogdoedvaldomagalhaes.com.br\/index.php\/wp-json\/wp\/v2\/tags?post=95185"}],"curies":[{"name":"wp","href":"https:\/\/api.w.org\/{rel}","templated":true}]}}