{"id":95180,"date":"2023-04-18T17:22:58","date_gmt":"2023-04-18T20:22:58","guid":{"rendered":"https:\/\/blogdoedvaldomagalhaes.com.br\/?p=95180"},"modified":"2023-04-18T17:22:59","modified_gmt":"2023-04-18T20:22:59","slug":"prf-detem-suspeito-de-assalto-com-13-celulares-carro-roubado-e-simulacro-de-pistola","status":"publish","type":"post","link":"https:\/\/blogdoedvaldomagalhaes.com.br\/index.php\/2023\/04\/18\/prf-detem-suspeito-de-assalto-com-13-celulares-carro-roubado-e-simulacro-de-pistola\/","title":{"rendered":"PRF det\u00e9m suspeito de assalto com 13 celulares, carro roubado e simulacro de pistola"},"content":{"rendered":"<p style=\"text-align: justify;\"><span style=\"color: initial; font-size: revert;\">Um homem suspeito de praticar assaltos na Cidade Universit\u00e1ria foi detido na segunda-feira (17), pela Pol\u00edcia Rodovi\u00e1ria (PRF), no Km 69 da BR 101, no Curado, na Zona Oeste do Recife. Dentro do carro roubado em que ele estava, foram apreendidos um simulacro de pistola e 13 celulares.<\/span><\/p>\n<p style=\"text-align: justify;\">Policiais receberam informa\u00e7\u00f5es de que o motorista de um carro estava realizando assaltos pr\u00f3ximo da Universidade Federal de Pernambuco (UFPE), e iniciaram buscas at\u00e9 localizar o ve\u00edculo no Km 67 da rodovia. Foi dada ordem de parada ao condutor, mas ele desobedeceu e acelerou o ve\u00edculo.<\/p>\n<p style=\"text-align: justify;\">Durante a fuga por dois quil\u00f4metros, o motorista colidiu em um motociclista que ficou ferido e foi atendido pelo SAMU. Quando o carro foi abordado, a equipe encontrou os celulares e a r\u00e9plica de pistola. O carro havia sido roubado no mesmo dia no Recife.<\/p>\n<p style=\"text-align: justify;\">Uma mulher que havia sido assaltada em uma parada de \u00f4nibus reconheceu o motorista. Ela relatou que o homem correu atr\u00e1s dela e a amea\u00e7ou com uma arma para subtrair o celular.<\/p>\n<p style=\"text-align: justify;\">O motorista foi encaminhado junto com a v\u00edtima \u00e0 Central de Plant\u00f5es da Capital, em Campo Grande, na Zona Norte da capital. Ele poder\u00e1 responder por roubo, que prev\u00ea pena de 4 a 10 anos e multa.\u00a0 Foto: Divulga\u00e7\u00e3o\/PRF.<\/p>\n<p style=\"text-align: justify;\">Siga o Instagram do Blog @blogdoedvaldomagalhaes<\/p>\n","protected":false},"excerpt":{"rendered":"<p>Um homem suspeito de praticar assaltos na Cidade Universit\u00e1ria foi detido na segunda-feira (17), pela Pol\u00edcia Rodovi\u00e1ria (PRF), no Km&hellip;<\/p>\n","protected":false},"author":1,"featured_media":95181,"comment_status":"closed","ping_status":"open","sticky":false,"template":"","format":"standard","meta":{"footnotes":""},"categories":[14121],"tags":[2,19532,3406,27286],"class_list":["post-95180","post","type-post","status-publish","format-standard","has-post-thumbnail","hentry","category-policial","tag-blog-do-edvaldo-magalhaes","tag-blog-mais-acessado-e-visualizado-de-caruaru-e-regiao","tag-caruaru","tag-prf-detem-suspeito-de-assalto-com-13-celulares-carro-roubado-e-simulacro-de-pistola"],"_links":{"self":[{"href":"https:\/\/blogdoedvaldomagalhaes.com.br\/index.php\/wp-json\/wp\/v2\/posts\/95180","targetHints":{"allow":["GET"]}}],"collection":[{"href":"https:\/\/blogdoedvaldomagalhaes.com.br\/index.php\/wp-json\/wp\/v2\/posts"}],"about":[{"href":"https:\/\/blogdoedvaldomagalhaes.com.br\/index.php\/wp-json\/wp\/v2\/types\/post"}],"author":[{"embeddable":true,"href":"https:\/\/blogdoedvaldomagalhaes.com.br\/index.php\/wp-json\/wp\/v2\/users\/1"}],"replies":[{"embeddable":true,"href":"https:\/\/blogdoedvaldomagalhaes.com.br\/index.php\/wp-json\/wp\/v2\/comments?post=95180"}],"version-history":[{"count":1,"href":"https:\/\/blogdoedvaldomagalhaes.com.br\/index.php\/wp-json\/wp\/v2\/posts\/95180\/revisions"}],"predecessor-version":[{"id":95182,"href":"https:\/\/blogdoedvaldomagalhaes.com.br\/index.php\/wp-json\/wp\/v2\/posts\/95180\/revisions\/95182"}],"wp:featuredmedia":[{"embeddable":true,"href":"https:\/\/blogdoedvaldomagalhaes.com.br\/index.php\/wp-json\/wp\/v2\/media\/95181"}],"wp:attachment":[{"href":"https:\/\/blogdoedvaldomagalhaes.com.br\/index.php\/wp-json\/wp\/v2\/media?parent=95180"}],"wp:term":[{"taxonomy":"category","embeddable":true,"href":"https:\/\/blogdoedvaldomagalhaes.com.br\/index.php\/wp-json\/wp\/v2\/categories?post=95180"},{"taxonomy":"post_tag","embeddable":true,"href":"https:\/\/blogdoedvaldomagalhaes.com.br\/index.php\/wp-json\/wp\/v2\/tags?post=95180"}],"curies":[{"name":"wp","href":"https:\/\/api.w.org\/{rel}","templated":true}]}}