{"id":95174,"date":"2023-04-18T16:28:11","date_gmt":"2023-04-18T19:28:11","guid":{"rendered":"https:\/\/blogdoedvaldomagalhaes.com.br\/?p=95174"},"modified":"2023-04-18T16:28:12","modified_gmt":"2023-04-18T19:28:12","slug":"pl-do-vereador-jorge-quintino-propoe-criacao-de-politica-de-prevencao-e-enfrentamento-contra-atentados-nas-escolas","status":"publish","type":"post","link":"https:\/\/blogdoedvaldomagalhaes.com.br\/index.php\/2023\/04\/18\/pl-do-vereador-jorge-quintino-propoe-criacao-de-politica-de-prevencao-e-enfrentamento-contra-atentados-nas-escolas\/","title":{"rendered":"PL do vereador Jorge Quintino prop\u00f5e cria\u00e7\u00e3o de pol\u00edtica de preven\u00e7\u00e3o e enfrentamento contra atentados nas escolas"},"content":{"rendered":"<p style=\"text-align: justify;\"><span style=\"color: initial; font-size: revert;\">Entre as medidas propostas pelo vereador est\u00e3o a amplia\u00e7\u00e3o dos sistemas de monitoramento por meio de c\u00e2meras, a cria\u00e7\u00e3o de um canal de den\u00fancia exclusivo para a comunidade escolar e programas de conscientiza\u00e7\u00e3o com cartilhas e palestras sobre sa\u00fade mental. Al\u00e9m disso, a proposta prev\u00ea a atua\u00e7\u00e3o conjunta das pastas da Educa\u00e7\u00e3o, da Assist\u00eancia Social, da Sa\u00fade e da Seguran\u00e7a, que orientariam professores, funcion\u00e1rios, alunos e pais sobre como identificar poss\u00edveis amea\u00e7as e a quem recorrer em situa\u00e7\u00f5es de viol\u00eancia.<\/span><\/p>\n<p style=\"text-align: justify;\">O projeto de lei apresentado pelo vereador Jorge Quintino \u00e9 de extrema import\u00e2ncia e demonstra um compromisso com a seguran\u00e7a e a integridade f\u00edsica e emocional dos alunos, professores e demais funcion\u00e1rios das escolas p\u00fablicas. \u00c9 fundamental que medidas preventivas sejam adotadas para evitar casos de viol\u00eancia nas institui\u00e7\u00f5es de ensino, garantindo um ambiente saud\u00e1vel e seguro para a forma\u00e7\u00e3o dos jovens brasileiros.<\/p>\n<p style=\"text-align: justify;\">A 20\u00aa Ordin\u00e1ria da 3\u00aa Sess\u00e3o Legislativa da 18\u00aa Legislatura, ocorrer\u00e1 na Casa Jornalista Jos\u00e9 Carlos Flor\u00eancio, a partir das 16h. O p\u00fablico poder\u00e1 acompanhar a Sess\u00e3o atrav\u00e9s das redes sociais, da TV C\u00e2mara, canal 22.2.<\/p>\n<p style=\"text-align: justify;\">Siga o Instagram do Blog @blogdoedvaldomagalhaes<\/p>\n","protected":false},"excerpt":{"rendered":"<p>Entre as medidas propostas pelo vereador est\u00e3o a amplia\u00e7\u00e3o dos sistemas de monitoramento por meio de c\u00e2meras, a cria\u00e7\u00e3o de&hellip;<\/p>\n","protected":false},"author":1,"featured_media":95175,"comment_status":"closed","ping_status":"open","sticky":false,"template":"","format":"standard","meta":{"footnotes":""},"categories":[14122],"tags":[2,19532,3406,20,27284],"class_list":["post-95174","post","type-post","status-publish","format-standard","has-post-thumbnail","hentry","category-politica","tag-blog-do-edvaldo-magalhaes","tag-blog-mais-acessado-e-visualizado-de-caruaru-e-regiao","tag-caruaru","tag-politica","tag-vereador-jorge-quintino-apresenta-pl-que-propoe-criacao-de-politica-de-prevencao-e-enfrentamento-contra-atentados-nas-escolas"],"_links":{"self":[{"href":"https:\/\/blogdoedvaldomagalhaes.com.br\/index.php\/wp-json\/wp\/v2\/posts\/95174","targetHints":{"allow":["GET"]}}],"collection":[{"href":"https:\/\/blogdoedvaldomagalhaes.com.br\/index.php\/wp-json\/wp\/v2\/posts"}],"about":[{"href":"https:\/\/blogdoedvaldomagalhaes.com.br\/index.php\/wp-json\/wp\/v2\/types\/post"}],"author":[{"embeddable":true,"href":"https:\/\/blogdoedvaldomagalhaes.com.br\/index.php\/wp-json\/wp\/v2\/users\/1"}],"replies":[{"embeddable":true,"href":"https:\/\/blogdoedvaldomagalhaes.com.br\/index.php\/wp-json\/wp\/v2\/comments?post=95174"}],"version-history":[{"count":1,"href":"https:\/\/blogdoedvaldomagalhaes.com.br\/index.php\/wp-json\/wp\/v2\/posts\/95174\/revisions"}],"predecessor-version":[{"id":95176,"href":"https:\/\/blogdoedvaldomagalhaes.com.br\/index.php\/wp-json\/wp\/v2\/posts\/95174\/revisions\/95176"}],"wp:featuredmedia":[{"embeddable":true,"href":"https:\/\/blogdoedvaldomagalhaes.com.br\/index.php\/wp-json\/wp\/v2\/media\/95175"}],"wp:attachment":[{"href":"https:\/\/blogdoedvaldomagalhaes.com.br\/index.php\/wp-json\/wp\/v2\/media?parent=95174"}],"wp:term":[{"taxonomy":"category","embeddable":true,"href":"https:\/\/blogdoedvaldomagalhaes.com.br\/index.php\/wp-json\/wp\/v2\/categories?post=95174"},{"taxonomy":"post_tag","embeddable":true,"href":"https:\/\/blogdoedvaldomagalhaes.com.br\/index.php\/wp-json\/wp\/v2\/tags?post=95174"}],"curies":[{"name":"wp","href":"https:\/\/api.w.org\/{rel}","templated":true}]}}