{"id":95168,"date":"2023-04-18T13:08:02","date_gmt":"2023-04-18T16:08:02","guid":{"rendered":"https:\/\/blogdoedvaldomagalhaes.com.br\/?p=95168"},"modified":"2023-04-18T13:12:00","modified_gmt":"2023-04-18T16:12:00","slug":"oms-80-dos-casos-de-deficiencia-visual-poderiam-ter-sido-tratados","status":"publish","type":"post","link":"https:\/\/blogdoedvaldomagalhaes.com.br\/index.php\/2023\/04\/18\/oms-80-dos-casos-de-deficiencia-visual-poderiam-ter-sido-tratados\/","title":{"rendered":"OMS: 80% dos casos de defici\u00eancia visual poderiam ter sido tratados"},"content":{"rendered":"<p class=\"s3\" style=\"text-align: justify;\"><span class=\"s4\" style=\"font-size: revert;\"><span class=\"bumpedFont15\">Oito em cada dez pessoas com defici\u00eancia visual poderia n\u00e3o sofrer com o problema. \u00c9 o que aponta a Organiza\u00e7\u00e3o Mundial da Sa\u00fade (OMS). Em 2019, a entidade divulgou um relat\u00f3rio mundial sobre a vis\u00e3o, que afirmava que pelo menos 2,2 bilh\u00f5es de pessoas t\u00eam defici\u00eancia visual ou cegueira. <\/span><\/span><span class=\"s5\" style=\"font-size: revert;\"><span class=\"bumpedFont15\">No Brasil, o \u00faltimo Censo Demogr\u00e1fico (IBGE 2010) identificou mais de 35 milh\u00f5es de pessoas com algum grau de dificuldade visual.<\/span><\/span><\/p>\n<p class=\"s3\" style=\"text-align: justify;\"><span class=\"s5\"><span class=\"bumpedFont15\">\u201c<\/span><\/span><span class=\"s5\"><span class=\"bumpedFont15\">As principais causas da cegueira s\u00e3o doen\u00e7as como catarata, glaucoma, degenera\u00e7\u00e3o macular relacionada \u00e0 idade (DMRI) e retinopatia diab\u00e9tica\u201d, aponta o oftalmologista Pedro Soriano, do HOPE, hospital que integra a rede Vision One.<\/span><\/span><\/p>\n<p class=\"s3\" style=\"text-align: justify;\"><span class=\"s4\"><span class=\"bumpedFont15\">De acordo com o IAPB (Ag\u00eancia Internacional para a Preven\u00e7\u00e3o da Cegueira), erros refrativos n\u00e3o corrigidos, como miopia, astigmatismo e hipermetropia, configuram uma das principais causas de baixa vis\u00e3o em todo o mundo. Junto com a catarata, os erros refracionais s\u00e3o respons\u00e1veis por quase tr\u00eas quartos (74,8%) de todos os casos de defici\u00eancia visual no mundo.<\/span><\/span><\/p>\n<p class=\"s3\" style=\"text-align: justify;\"><span class=\"s4\"><span class=\"bumpedFont15\">A ida ao oftalmologista \u00e9 fundamental para prevenir a cegueira, especialmente em pessoas acima dos 40 anos. A<\/span><\/span><span class=\"s4\"><span class=\"bumpedFont15\">l\u00e9m de altera\u00e7\u00f5es de refra\u00e7\u00e3o, de grau e, <\/span><\/span><span class=\"s4\"><span class=\"bumpedFont15\">sinais precoces de DMRI, \u00e9 poss\u00edvel retardar a progress\u00e3o de grande parte das doen\u00e7as oculares. <\/span><\/span><span class=\"s4\"><span class=\"bumpedFont15\"><br \/><\/span><\/span><\/p>\n<p class=\"s3\" style=\"text-align: justify;\"><span class=\"s4\"><span class=\"bumpedFont15\">O oftalmologista Pedro Soriano aponta a import\u00e2ncia de consultar um especialista, j\u00e1 que muitos casos de cegueira podem ser revers\u00edveis. <\/span><\/span><span class=\"s4\"><span class=\"bumpedFont15\">\u201c<\/span><\/span><span class=\"s4\"><span class=\"bumpedFont15\">Devemos procurar um oftalmologista ao menos uma vez por ano, ou antes, caso o paciente tenha uma doen\u00e7a. \u00c9 preciso respeitar o crit\u00e9rio do m\u00e9dico\u201d, explica o especialista do HOPE.<\/span><\/span><\/p>\n<p class=\"s3\" style=\"text-align: justify;\"><span class=\"s4\"><span class=\"bumpedFont15\">O m\u00eas de Abril, chamado de Abril Marrom, \u00e9 inclusive dedicado ao combate \u00e0 cegueira no Brasil. A cor foi escolhida por ser a cor da \u00edris (parte mais vis\u00edvel e colorida dos olhos) da maioria dos brasileiros. <\/span><\/span><span class=\"s4\"><span class=\"bumpedFont15\">J\u00e1 o m\u00eas foi escolhido pois se comemorado no dia 8 de abril o Dia Nacional do Braille, que faz refer\u00eancia ao professor Jos\u00e9 \u00c1lvares de Azevedo, respons\u00e1vel por trazer o alfabeto Braille ao Brasil, em 1850.<\/span><\/span><\/p>\n<p class=\"s3\" style=\"text-align: justify;\"><span class=\"s6\"><span class=\"bumpedFont15\">Saiba mais sobre as principais doen\u00e7as que causam defici\u00eancia visual<\/span><\/span><\/p>\n<p class=\"s3\" style=\"text-align: justify;\"><strong><span class=\"s7\"><span class=\"bumpedFont15\">Erros refracionais<\/span><\/span><\/strong><\/p>\n<p class=\"s3\" style=\"text-align: justify;\"><span class=\"s8\"><span class=\"bumpedFont15\">A miopia \u00e9 um erro que consiste na dificuldade em enxergar e distinguir imagens distantes. J\u00e1 a hipermetropia \u00e9 o oposto da miopia, caracterizada pela dificuldade de enxergar imagens muito pr\u00f3ximas ao olho. A presbiopia, ou vista cansada, \u00e9 um erro decorrente do envelhecimento do corpo humano e, consequentemente, da vis\u00e3o. Nesse erro, h\u00e1 a perda da elasticidade do cristalino, que possui a finalidade de focalizar imagens de perto. H\u00e1 ainda o astigmatismo, causado pela deforma\u00e7\u00e3o na c\u00f3rnea, e que consiste na dificuldade para enxergar de perto e longe<\/span><\/span><\/p>\n<p class=\"s3\" style=\"text-align: justify;\"><strong><span class=\"s7\"><span class=\"bumpedFont15\">Glaucoma<\/span><\/span><\/strong><\/p>\n<p class=\"s3\" style=\"text-align: justify;\"><span class=\"s8\"><span class=\"bumpedFont15\">Doen\u00e7a causada pela degenera\u00e7\u00e3o precoce do nervo \u00f3ptico, que pode ocasionar a perda de vis\u00e3o se n\u00e3o tratada corretamente. O glaucoma \u00e9 uma doen\u00e7a silenciosa e em est\u00e1gios iniciais, pode n\u00e3o apresentar nenhum sintoma. Em geral, quando os sintomas mais caracter\u00edsticos aparecem, o paciente j\u00e1 apresenta um quadro mais grave.<\/span><\/span><\/p>\n<p class=\"s3\" style=\"text-align: justify;\"><strong><span class=\"s7\"><span class=\"bumpedFont15\">Catarata<\/span><\/span><\/strong><\/p>\n<p class=\"s3\" style=\"text-align: justify;\"><span class=\"s8\"><span class=\"bumpedFont15\">Quando a lente natural do nosso olho, que recebe o nome de cristalino, come\u00e7a a perder sua transpar\u00eancia, ela passa a ser chamada de catarata. A doen\u00e7a se desenvolve de forma lenta e progressiva e, sem o tratamento adequado, pode levar \u00e0 cegueira. Segundo dados da Organiza\u00e7\u00e3o Mundial de Sa\u00fade (OMS), a catarata \u00e9 a maior causa de cegueira revers\u00edvel no mundo.<\/span><\/span><\/p>\n<p class=\"s3\" style=\"text-align: justify;\"><strong><span class=\"s7\"><span class=\"bumpedFont15\">Diabetes<\/span><\/span><\/strong><\/p>\n<p class=\"s3\" style=\"text-align: justify;\"><span class=\"s8\"><span class=\"bumpedFont15\">O Diabetes afeta a vis\u00e3o quando, na aus\u00eancia do tratamento e controle adequado, os n\u00edveis de glicose no sangue ficam muito elevados, chegando at\u00e9 os vasos dos olhos, afetando a retina, o cristalino, entre outras regi\u00f5es, podendo levar \u00e0 cegueira, se n\u00e3o diagnosticado precocemente.<\/span><\/span><\/p>\n<p class=\"s3\" style=\"text-align: justify;\"><strong><span class=\"s7\"><span class=\"bumpedFont15\">DMRI<\/span><\/span><\/strong><\/p>\n<p class=\"s3\" style=\"text-align: justify;\"><span class=\"s8\"><span class=\"bumpedFont15\">A Degenera\u00e7\u00e3o Macular Relacionada \u00e0 Idade (DMRI) \u00e9 uma doen\u00e7a que afeta a parte mais central da retina humana (m\u00e1cula), respons\u00e1vel pela nossa vis\u00e3o mais precisa. Os principais sintomas s\u00e3o emba\u00e7amento visual, manchas ou pontos pretos na vis\u00e3o e perda da vis\u00e3o.<\/span><\/span><\/p>\n\n\n<figure class=\"wp-block-image size-large\"><img loading=\"lazy\" decoding=\"async\" width=\"683\" height=\"1024\" src=\"https:\/\/blogdoedvaldomagalhaes.com.br\/wp-content\/uploads\/2023\/04\/1793BEB3-7030-4997-B889-6274E8D16831-683x1024.jpeg\" alt=\"\" class=\"wp-image-95171\" srcset=\"https:\/\/blogdoedvaldomagalhaes.com.br\/wp-content\/uploads\/2023\/04\/1793BEB3-7030-4997-B889-6274E8D16831-683x1024.jpeg 683w, https:\/\/blogdoedvaldomagalhaes.com.br\/wp-content\/uploads\/2023\/04\/1793BEB3-7030-4997-B889-6274E8D16831-200x300.jpeg 200w, https:\/\/blogdoedvaldomagalhaes.com.br\/wp-content\/uploads\/2023\/04\/1793BEB3-7030-4997-B889-6274E8D16831-768x1152.jpeg 768w, https:\/\/blogdoedvaldomagalhaes.com.br\/wp-content\/uploads\/2023\/04\/1793BEB3-7030-4997-B889-6274E8D16831-1024x1536.jpeg 1024w, https:\/\/blogdoedvaldomagalhaes.com.br\/wp-content\/uploads\/2023\/04\/1793BEB3-7030-4997-B889-6274E8D16831.jpeg 1067w\" sizes=\"auto, (max-width: 683px) 100vw, 683px\" \/><figcaption class=\"wp-element-caption\">Oftalmologista Pedro Soriano<\/figcaption><\/figure>\n","protected":false},"excerpt":{"rendered":"<p>Oito em cada dez pessoas com defici\u00eancia visual poderia n\u00e3o sofrer com o problema. \u00c9 o que aponta a Organiza\u00e7\u00e3o&hellip;<\/p>\n","protected":false},"author":1,"featured_media":95169,"comment_status":"closed","ping_status":"open","sticky":false,"template":"","format":"standard","meta":{"footnotes":""},"categories":[14120],"tags":[2,19532,3406,27283],"class_list":["post-95168","post","type-post","status-publish","format-standard","has-post-thumbnail","hentry","category-noticias","tag-blog-do-edvaldo-magalhaes","tag-blog-mais-acessado-e-visualizado-de-caruaru-e-regiao","tag-caruaru","tag-oms-80-dos-casos-de-deficiencia-visual-poderiam-ter-sido-tratados"],"_links":{"self":[{"href":"https:\/\/blogdoedvaldomagalhaes.com.br\/index.php\/wp-json\/wp\/v2\/posts\/95168","targetHints":{"allow":["GET"]}}],"collection":[{"href":"https:\/\/blogdoedvaldomagalhaes.com.br\/index.php\/wp-json\/wp\/v2\/posts"}],"about":[{"href":"https:\/\/blogdoedvaldomagalhaes.com.br\/index.php\/wp-json\/wp\/v2\/types\/post"}],"author":[{"embeddable":true,"href":"https:\/\/blogdoedvaldomagalhaes.com.br\/index.php\/wp-json\/wp\/v2\/users\/1"}],"replies":[{"embeddable":true,"href":"https:\/\/blogdoedvaldomagalhaes.com.br\/index.php\/wp-json\/wp\/v2\/comments?post=95168"}],"version-history":[{"count":2,"href":"https:\/\/blogdoedvaldomagalhaes.com.br\/index.php\/wp-json\/wp\/v2\/posts\/95168\/revisions"}],"predecessor-version":[{"id":95173,"href":"https:\/\/blogdoedvaldomagalhaes.com.br\/index.php\/wp-json\/wp\/v2\/posts\/95168\/revisions\/95173"}],"wp:featuredmedia":[{"embeddable":true,"href":"https:\/\/blogdoedvaldomagalhaes.com.br\/index.php\/wp-json\/wp\/v2\/media\/95169"}],"wp:attachment":[{"href":"https:\/\/blogdoedvaldomagalhaes.com.br\/index.php\/wp-json\/wp\/v2\/media?parent=95168"}],"wp:term":[{"taxonomy":"category","embeddable":true,"href":"https:\/\/blogdoedvaldomagalhaes.com.br\/index.php\/wp-json\/wp\/v2\/categories?post=95168"},{"taxonomy":"post_tag","embeddable":true,"href":"https:\/\/blogdoedvaldomagalhaes.com.br\/index.php\/wp-json\/wp\/v2\/tags?post=95168"}],"curies":[{"name":"wp","href":"https:\/\/api.w.org\/{rel}","templated":true}]}}