{"id":95161,"date":"2023-04-18T09:51:00","date_gmt":"2023-04-18T12:51:00","guid":{"rendered":"https:\/\/blogdoedvaldomagalhaes.com.br\/?p=95161"},"modified":"2023-04-18T09:51:01","modified_gmt":"2023-04-18T12:51:01","slug":"pm-localiza-um-desmanche-de-motos","status":"publish","type":"post","link":"https:\/\/blogdoedvaldomagalhaes.com.br\/index.php\/2023\/04\/18\/pm-localiza-um-desmanche-de-motos\/","title":{"rendered":"PM localiza um desmanche de motos"},"content":{"rendered":"<p style=\"text-align: justify;\"><span style=\"color: initial; font-size: revert;\">Policiais militares do 1\u00ba BPM desmontaram um esquema de desmanche de motocicletas, na noite de segunda-feira (17\/04), em Jardim Fragoso, Olinda. O efetivo recebeu informa\u00e7\u00f5es de que uma moto que acabara de ser roubada estava sendo desmontada e ao chegar ao local indicado visualizou dois homens mexendo no ve\u00edculo, sendo um menor de idade.<\/span><\/p>\n<p style=\"text-align: justify;\">Ainda foram encontradas diversas pe\u00e7as tendo um dos envolvidos admitido que uma moto que estava no local era produto de roubo e uma outra estava com pe\u00e7as de outras da mesma situa\u00e7\u00e3o, que haviam sido desmontadas. Segundo ele, sua fun\u00e7\u00e3o era receber os ve\u00edculos tomados de assalto para realizar o desmanche.<\/p>\n<p style=\"text-align: justify;\">Foram apreendidos tamb\u00e9m celulares e um simulacro de arma de fogo, este \u00faltimo escondido numa caixa d\u2019\u00e1gua. A ocorr\u00eancia foi apresentada na Delegacia do Varadouro, para a tomada das medidas cab\u00edveis, onde algumas v\u00edtimas de roubo de motos reconheceram os objetos de sua propriedade.\u00a0<\/p>\n<p style=\"text-align: justify;\">Siga o Instagram do Blog @blogdoedvaldomagalhaes<\/p>\n\n\n<figure class=\"wp-block-image size-full\"><img loading=\"lazy\" decoding=\"async\" width=\"632\" height=\"299\" src=\"https:\/\/blogdoedvaldomagalhaes.com.br\/wp-content\/uploads\/2023\/04\/IMG-20230418-WA0009.jpg\" alt=\"\" class=\"wp-image-95162\" srcset=\"https:\/\/blogdoedvaldomagalhaes.com.br\/wp-content\/uploads\/2023\/04\/IMG-20230418-WA0009.jpg 632w, https:\/\/blogdoedvaldomagalhaes.com.br\/wp-content\/uploads\/2023\/04\/IMG-20230418-WA0009-300x142.jpg 300w\" sizes=\"auto, (max-width: 632px) 100vw, 632px\" \/><figcaption class=\"wp-element-caption\">Fotos: Divulga\u00e7\u00e3o\/PMPE<\/figcaption><\/figure>\n","protected":false},"excerpt":{"rendered":"<p>Policiais militares do 1\u00ba BPM desmontaram um esquema de desmanche de motocicletas, na noite de segunda-feira (17\/04), em Jardim Fragoso,&hellip;<\/p>\n","protected":false},"author":1,"featured_media":95163,"comment_status":"closed","ping_status":"open","sticky":false,"template":"","format":"standard","meta":{"footnotes":""},"categories":[14121],"tags":[992,19532,3406,27281],"class_list":["post-95161","post","type-post","status-publish","format-standard","has-post-thumbnail","hentry","category-policial","tag-blog-do-edvaldo-do-magalhaes","tag-blog-mais-acessado-e-visualizado-de-caruaru-e-regiao","tag-caruaru","tag-pm-localiza-um-desmanche-de-motos"],"_links":{"self":[{"href":"https:\/\/blogdoedvaldomagalhaes.com.br\/index.php\/wp-json\/wp\/v2\/posts\/95161","targetHints":{"allow":["GET"]}}],"collection":[{"href":"https:\/\/blogdoedvaldomagalhaes.com.br\/index.php\/wp-json\/wp\/v2\/posts"}],"about":[{"href":"https:\/\/blogdoedvaldomagalhaes.com.br\/index.php\/wp-json\/wp\/v2\/types\/post"}],"author":[{"embeddable":true,"href":"https:\/\/blogdoedvaldomagalhaes.com.br\/index.php\/wp-json\/wp\/v2\/users\/1"}],"replies":[{"embeddable":true,"href":"https:\/\/blogdoedvaldomagalhaes.com.br\/index.php\/wp-json\/wp\/v2\/comments?post=95161"}],"version-history":[{"count":1,"href":"https:\/\/blogdoedvaldomagalhaes.com.br\/index.php\/wp-json\/wp\/v2\/posts\/95161\/revisions"}],"predecessor-version":[{"id":95164,"href":"https:\/\/blogdoedvaldomagalhaes.com.br\/index.php\/wp-json\/wp\/v2\/posts\/95161\/revisions\/95164"}],"wp:featuredmedia":[{"embeddable":true,"href":"https:\/\/blogdoedvaldomagalhaes.com.br\/index.php\/wp-json\/wp\/v2\/media\/95163"}],"wp:attachment":[{"href":"https:\/\/blogdoedvaldomagalhaes.com.br\/index.php\/wp-json\/wp\/v2\/media?parent=95161"}],"wp:term":[{"taxonomy":"category","embeddable":true,"href":"https:\/\/blogdoedvaldomagalhaes.com.br\/index.php\/wp-json\/wp\/v2\/categories?post=95161"},{"taxonomy":"post_tag","embeddable":true,"href":"https:\/\/blogdoedvaldomagalhaes.com.br\/index.php\/wp-json\/wp\/v2\/tags?post=95161"}],"curies":[{"name":"wp","href":"https:\/\/api.w.org\/{rel}","templated":true}]}}