{"id":95158,"date":"2023-04-17T20:47:42","date_gmt":"2023-04-17T23:47:42","guid":{"rendered":"https:\/\/blogdoedvaldomagalhaes.com.br\/?p=95158"},"modified":"2023-04-17T20:47:43","modified_gmt":"2023-04-17T23:47:43","slug":"conheca-um-pouco-da-historia-de-isadora-da-apae-bezerros","status":"publish","type":"post","link":"https:\/\/blogdoedvaldomagalhaes.com.br\/index.php\/2023\/04\/17\/conheca-um-pouco-da-historia-de-isadora-da-apae-bezerros\/","title":{"rendered":"Conhe\u00e7a um pouco da hist\u00f3ria de Isadora, da Apae Bezerros"},"content":{"rendered":"<p style=\"text-align: justify;\"><span style=\"font-size: revert;\">Isadora Beatriz da Silva, tem 06 anos e tem autismo, ela est\u00e1 na Apae de Bezerros h\u00e1 cerca de 01 ano, a crian\u00e7a recebeu o diagn\u00f3stico quando tinha 04 anos. Isadora vem sendo atendida pela unidade e desde ent\u00e3o vem apresentando uma grande evolu\u00e7\u00e3o, os pais e os familiares participam diretamente do acompanhamento de Isadora e observam de perto os ganhos no seu desenvolvimento.<\/span><\/p>\n<p style=\"text-align: justify;\">A crian\u00e7a recebe atendimentos na Apae Bezerros com sess\u00f5es de psicologia, pedagogia e arte educa\u00e7\u00e3o. Isadora \u00e9 muito esperta, amorosa, inteligente, a concentra\u00e7\u00e3o e habilidades dela destacam-se atrav\u00e9s da pintura. A Apae Bezerros existe h\u00e1 12 anos, atualmente atende cerca de 120 pessoas e oferece atendimentos nas \u00e1reas de fisioterapia, psicologia, psicopedagogia e arte Educa\u00e7\u00e3o e j\u00e1 mudou a realidade de centenas de pessoas.<\/p>\n<p style=\"text-align: justify;\">Voc\u00ea pode ser parte desse movimento e ajudar a mudar a vida de crian\u00e7as como Isadora. Colabore, seja um doador, voc\u00ea pode doar na sua conta de \u00e1gua, atrav\u00e9s da campanha \u201cConta comigo\u201d da Compesa, ligue 0800 081 0195 e doe \u00e0 partir de 1 real.<\/p>\n<p style=\"text-align: justify;\">Siga o Instagram do Blog @blogdoedvaldomagalhaes<\/p>\n","protected":false},"excerpt":{"rendered":"<p>Isadora Beatriz da Silva, tem 06 anos e tem autismo, ela est\u00e1 na Apae de Bezerros h\u00e1 cerca de 01&hellip;<\/p>\n","protected":false},"author":1,"featured_media":95159,"comment_status":"closed","ping_status":"open","sticky":false,"template":"","format":"standard","meta":{"footnotes":""},"categories":[14120],"tags":[2,19532,3406,27280],"class_list":["post-95158","post","type-post","status-publish","format-standard","has-post-thumbnail","hentry","category-noticias","tag-blog-do-edvaldo-magalhaes","tag-blog-mais-acessado-e-visualizado-de-caruaru-e-regiao","tag-caruaru","tag-conheca-um-pouco-da-historia-de-isadora-da-apae-bezerros"],"_links":{"self":[{"href":"https:\/\/blogdoedvaldomagalhaes.com.br\/index.php\/wp-json\/wp\/v2\/posts\/95158","targetHints":{"allow":["GET"]}}],"collection":[{"href":"https:\/\/blogdoedvaldomagalhaes.com.br\/index.php\/wp-json\/wp\/v2\/posts"}],"about":[{"href":"https:\/\/blogdoedvaldomagalhaes.com.br\/index.php\/wp-json\/wp\/v2\/types\/post"}],"author":[{"embeddable":true,"href":"https:\/\/blogdoedvaldomagalhaes.com.br\/index.php\/wp-json\/wp\/v2\/users\/1"}],"replies":[{"embeddable":true,"href":"https:\/\/blogdoedvaldomagalhaes.com.br\/index.php\/wp-json\/wp\/v2\/comments?post=95158"}],"version-history":[{"count":1,"href":"https:\/\/blogdoedvaldomagalhaes.com.br\/index.php\/wp-json\/wp\/v2\/posts\/95158\/revisions"}],"predecessor-version":[{"id":95160,"href":"https:\/\/blogdoedvaldomagalhaes.com.br\/index.php\/wp-json\/wp\/v2\/posts\/95158\/revisions\/95160"}],"wp:featuredmedia":[{"embeddable":true,"href":"https:\/\/blogdoedvaldomagalhaes.com.br\/index.php\/wp-json\/wp\/v2\/media\/95159"}],"wp:attachment":[{"href":"https:\/\/blogdoedvaldomagalhaes.com.br\/index.php\/wp-json\/wp\/v2\/media?parent=95158"}],"wp:term":[{"taxonomy":"category","embeddable":true,"href":"https:\/\/blogdoedvaldomagalhaes.com.br\/index.php\/wp-json\/wp\/v2\/categories?post=95158"},{"taxonomy":"post_tag","embeddable":true,"href":"https:\/\/blogdoedvaldomagalhaes.com.br\/index.php\/wp-json\/wp\/v2\/tags?post=95158"}],"curies":[{"name":"wp","href":"https:\/\/api.w.org\/{rel}","templated":true}]}}