{"id":95152,"date":"2023-04-17T19:40:53","date_gmt":"2023-04-17T22:40:53","guid":{"rendered":"https:\/\/blogdoedvaldomagalhaes.com.br\/?p=95152"},"modified":"2023-04-17T19:40:54","modified_gmt":"2023-04-17T22:40:54","slug":"caruaru-conta-com-evento-gratuito-se-liga-na-libras-nesta-sexta-feira-21","status":"publish","type":"post","link":"https:\/\/blogdoedvaldomagalhaes.com.br\/index.php\/2023\/04\/17\/caruaru-conta-com-evento-gratuito-se-liga-na-libras-nesta-sexta-feira-21\/","title":{"rendered":"Caruaru conta com evento gratuito \u2018Se Liga na Libras\u2019, nesta sexta-feira (21)"},"content":{"rendered":"<p style=\"text-align: justify;\"><span style=\"color: initial; font-size: revert;\">Nesta sexta-feira (21) Caruaru, no Agreste, recebe a 2\u00aa edi\u00e7\u00e3o do evento \u2018Se Liga na Libras\u2019, que acontecer\u00e1 a partir das 18h30, no audit\u00f3rio do Teatro do Shopping Difusora com entrada gratuita. O evento que traz o tema \u2018Valoriza\u00e7\u00e3o da Libras e Cultura Surda nos \u00e2mbitos sociais\u2019, contar\u00e1 com palestras sobre a L\u00edngua Brasileira de Sinais (LIBRAS), apresenta\u00e7\u00e3o cultural atrav\u00e9s de um coral em Libras para homenagear os 21 anos do reconhecimento da L\u00edngua no Brasil, celebrado nesta semana.<\/span><\/p>\n<p style=\"text-align: justify;\">Para garantir a vaga e participar do evento, as inscri\u00e7\u00f5es s\u00e3o gratuitas e est\u00e3o sendo feitas atrav\u00e9s do site: www.seliganalibras.com.br qualquer pessoa interessada em aprender a Libras poder\u00e1 participar (entre elas, estudantes, profissionais das \u00e1reas de sa\u00fade e educa\u00e7\u00e3o, pessoas que lidam com o p\u00fablico de modo geral, ou que querem conhecer um pouco mais sobre o universo da Libras, por exemplo).<\/p>\n<p style=\"text-align: justify;\">\u201c\u00c9 grande a expectativa para mais uma edi\u00e7\u00e3o que vai fazer hist\u00f3ria em Caruaru, com a presen\u00e7a de palestrantes convidados e caravanas do interior confirmadas. O evento vai promover conex\u00e3o entre pessoas surdas e ouvintes, com a valoriza\u00e7\u00e3o da Libras\u201d, destaca Mateus Guardi\u00e3o, Instrutor de Libras, organizador do evento e um dos palestrantes.<\/p>\n<p style=\"text-align: justify;\">Haver\u00e1 tamb\u00e9m palestra com Adalberto Ferreira, Licenciado em Letras Libras\/UFPB e Especialista Tradu\u00e7\u00e3o e Interpreta\u00e7\u00e3o para Surdos. Al\u00e9m de Ot\u00e1vio Silva, Licenciado em Letras Libras\/UFPB, Especialista em Libras e mestrando no Programa de P\u00f3s-gradua\u00e7\u00e3o em Letras\/UFPB.<\/p>\n<p style=\"text-align: justify;\">Entre os palestrantes tamb\u00e9m est\u00e3o Adrielly Rosendo, Pedagoga, Especialista em Libras e Professora de Libras. Al\u00e9m da Clauryan Louren\u00e7o, Psic\u00f3loga Cl\u00ednica com a abordagem na Terapia Cognitiva Comportamental (TCC), Gradua\u00e7\u00e3o pela UNIFAVIP. O coral em Libras tamb\u00e9m ser\u00e1 uma das atra\u00e7\u00f5es do evento, que promete emocionar o p\u00fablico com as apresenta\u00e7\u00f5es.<\/p>\n<p style=\"text-align: justify;\">Siga o Instagram do Blog @blogdoedvaldomagalhaes<\/p>\n","protected":false},"excerpt":{"rendered":"<p>Nesta sexta-feira (21) Caruaru, no Agreste, recebe a 2\u00aa edi\u00e7\u00e3o do evento \u2018Se Liga na Libras\u2019, que acontecer\u00e1 a partir&hellip;<\/p>\n","protected":false},"author":1,"featured_media":95153,"comment_status":"closed","ping_status":"open","sticky":false,"template":"","format":"standard","meta":{"footnotes":""},"categories":[14120],"tags":[2,19532,3406,27279],"class_list":["post-95152","post","type-post","status-publish","format-standard","has-post-thumbnail","hentry","category-noticias","tag-blog-do-edvaldo-magalhaes","tag-blog-mais-acessado-e-visualizado-de-caruaru-e-regiao","tag-caruaru","tag-caruaru-conta-com-evento-gratuito-se-liga-na-libras-nesta-sexta-feira-21"],"_links":{"self":[{"href":"https:\/\/blogdoedvaldomagalhaes.com.br\/index.php\/wp-json\/wp\/v2\/posts\/95152","targetHints":{"allow":["GET"]}}],"collection":[{"href":"https:\/\/blogdoedvaldomagalhaes.com.br\/index.php\/wp-json\/wp\/v2\/posts"}],"about":[{"href":"https:\/\/blogdoedvaldomagalhaes.com.br\/index.php\/wp-json\/wp\/v2\/types\/post"}],"author":[{"embeddable":true,"href":"https:\/\/blogdoedvaldomagalhaes.com.br\/index.php\/wp-json\/wp\/v2\/users\/1"}],"replies":[{"embeddable":true,"href":"https:\/\/blogdoedvaldomagalhaes.com.br\/index.php\/wp-json\/wp\/v2\/comments?post=95152"}],"version-history":[{"count":1,"href":"https:\/\/blogdoedvaldomagalhaes.com.br\/index.php\/wp-json\/wp\/v2\/posts\/95152\/revisions"}],"predecessor-version":[{"id":95154,"href":"https:\/\/blogdoedvaldomagalhaes.com.br\/index.php\/wp-json\/wp\/v2\/posts\/95152\/revisions\/95154"}],"wp:featuredmedia":[{"embeddable":true,"href":"https:\/\/blogdoedvaldomagalhaes.com.br\/index.php\/wp-json\/wp\/v2\/media\/95153"}],"wp:attachment":[{"href":"https:\/\/blogdoedvaldomagalhaes.com.br\/index.php\/wp-json\/wp\/v2\/media?parent=95152"}],"wp:term":[{"taxonomy":"category","embeddable":true,"href":"https:\/\/blogdoedvaldomagalhaes.com.br\/index.php\/wp-json\/wp\/v2\/categories?post=95152"},{"taxonomy":"post_tag","embeddable":true,"href":"https:\/\/blogdoedvaldomagalhaes.com.br\/index.php\/wp-json\/wp\/v2\/tags?post=95152"}],"curies":[{"name":"wp","href":"https:\/\/api.w.org\/{rel}","templated":true}]}}