{"id":95142,"date":"2023-04-17T19:09:51","date_gmt":"2023-04-17T22:09:51","guid":{"rendered":"https:\/\/blogdoedvaldomagalhaes.com.br\/?p=95142"},"modified":"2023-04-17T19:09:52","modified_gmt":"2023-04-17T22:09:52","slug":"pm-localiza-dois-carrosroubados-em-peixinhos","status":"publish","type":"post","link":"https:\/\/blogdoedvaldomagalhaes.com.br\/index.php\/2023\/04\/17\/pm-localiza-dois-carrosroubados-em-peixinhos\/","title":{"rendered":"PM localiza dois carros<br>roubados em Peixinhos"},"content":{"rendered":"<p style=\"text-align: justify;\"><span style=\"color: initial; font-size: revert;\">Durante realiza\u00e7\u00e3o da Opera\u00e7\u00e3o Pernambuco Seguro, policiais militares do Batalh\u00e3o de Choque recuperaram, na noite de domingo (16\/04), dois ve\u00edculos roubados, que foram localizados em Peixinhos, Olinda.<\/span><\/p>\n<p style=\"text-align: justify;\">O efetivo foi informado que um dos carros estava sendo rastreado e, com a devida autoriza\u00e7\u00e3o do comando do Batalh\u00e3o, seguiu para o ponto indicado e encontrou um Ford KA branco. No local, foi informado ainda de que outro carro havia sido roubado. Foram feitas dilig\u00eancias e encontrado um Nissan Versa.<\/p>\n<p style=\"text-align: justify;\">Foi feito contato com os propriet\u00e1rios para levarem as chaves reservas, que, por sinal, ficaram bem emocionados e felizes, porque todos os bens estavam dentro dos ve\u00edculos. Os carros foram encaminhados para o Depatri da Pol\u00edcia Civil, para ado\u00e7\u00e3o das medidas legais cab\u00edveis neste tipo de situa\u00e7\u00e3o. Foto: Divulga\u00e7\u00e3o\/PMPE.<\/p>\n<p style=\"text-align: justify;\">Siga o Instagram do Blog @blogdoedvaldomagalhaes<\/p>\n","protected":false},"excerpt":{"rendered":"<p>Durante realiza\u00e7\u00e3o da Opera\u00e7\u00e3o Pernambuco Seguro, policiais militares do Batalh\u00e3o de Choque recuperaram, na noite de domingo (16\/04), dois ve\u00edculos&hellip;<\/p>\n","protected":false},"author":1,"featured_media":95143,"comment_status":"closed","ping_status":"open","sticky":false,"template":"","format":"standard","meta":{"footnotes":""},"categories":[14121],"tags":[2,19532,3406,27276],"class_list":["post-95142","post","type-post","status-publish","format-standard","has-post-thumbnail","hentry","category-policial","tag-blog-do-edvaldo-magalhaes","tag-blog-mais-acessado-e-visualizado-de-caruaru-e-regiao","tag-caruaru","tag-pm-localiza-dois-carros-roubados-em-peixinhos"],"_links":{"self":[{"href":"https:\/\/blogdoedvaldomagalhaes.com.br\/index.php\/wp-json\/wp\/v2\/posts\/95142","targetHints":{"allow":["GET"]}}],"collection":[{"href":"https:\/\/blogdoedvaldomagalhaes.com.br\/index.php\/wp-json\/wp\/v2\/posts"}],"about":[{"href":"https:\/\/blogdoedvaldomagalhaes.com.br\/index.php\/wp-json\/wp\/v2\/types\/post"}],"author":[{"embeddable":true,"href":"https:\/\/blogdoedvaldomagalhaes.com.br\/index.php\/wp-json\/wp\/v2\/users\/1"}],"replies":[{"embeddable":true,"href":"https:\/\/blogdoedvaldomagalhaes.com.br\/index.php\/wp-json\/wp\/v2\/comments?post=95142"}],"version-history":[{"count":1,"href":"https:\/\/blogdoedvaldomagalhaes.com.br\/index.php\/wp-json\/wp\/v2\/posts\/95142\/revisions"}],"predecessor-version":[{"id":95144,"href":"https:\/\/blogdoedvaldomagalhaes.com.br\/index.php\/wp-json\/wp\/v2\/posts\/95142\/revisions\/95144"}],"wp:featuredmedia":[{"embeddable":true,"href":"https:\/\/blogdoedvaldomagalhaes.com.br\/index.php\/wp-json\/wp\/v2\/media\/95143"}],"wp:attachment":[{"href":"https:\/\/blogdoedvaldomagalhaes.com.br\/index.php\/wp-json\/wp\/v2\/media?parent=95142"}],"wp:term":[{"taxonomy":"category","embeddable":true,"href":"https:\/\/blogdoedvaldomagalhaes.com.br\/index.php\/wp-json\/wp\/v2\/categories?post=95142"},{"taxonomy":"post_tag","embeddable":true,"href":"https:\/\/blogdoedvaldomagalhaes.com.br\/index.php\/wp-json\/wp\/v2\/tags?post=95142"}],"curies":[{"name":"wp","href":"https:\/\/api.w.org\/{rel}","templated":true}]}}