{"id":95134,"date":"2023-04-17T16:05:50","date_gmt":"2023-04-17T19:05:50","guid":{"rendered":"https:\/\/blogdoedvaldomagalhaes.com.br\/?p=95134"},"modified":"2023-04-17T16:21:23","modified_gmt":"2023-04-17T19:21:23","slug":"incendio-que-matou-4-adolescentes-em-caruaru-foi-provocado-pelas-proprias-vitimas-segundo-inquerito-da-policia","status":"publish","type":"post","link":"https:\/\/blogdoedvaldomagalhaes.com.br\/index.php\/2023\/04\/17\/incendio-que-matou-4-adolescentes-em-caruaru-foi-provocado-pelas-proprias-vitimas-segundo-inquerito-da-policia\/","title":{"rendered":"Inc\u00eandio que matou 4 adolescentes em Caruaru, foi provocado pelas pr\u00f3prias vitimas, segundo inqu\u00e9rito da pol\u00edcia"},"content":{"rendered":"<p style=\"text-align: justify;\">A Pol\u00edcia Civil concluiu o inqu\u00e9rito que investigava as mortes de quatro adolescente na casa de Acolhimento 2, localizada na avenida Josefa Maria de Menezes, no bairro Indian\u00f3polis, em Caruaru. O caso ocorreu na tarde da sexta-feira dia 27 de janeiro. Em coletiva de imprensa, nesta segunda-feira (17), Polyana Figueiredo, delegada adjunta da 19\u00b0 delegacia de Homic\u00eddios e Eric Costa, chefe da Divis\u00e3o de Homic\u00eddios, afirmaram que\u00a0o fogo no local foi provocado pelas pr\u00f3prias adolescentes que moravam no abrigo, \u00e9 que\u00a0o inqu\u00e9rito contou com depoimentos de v\u00e1rias pessoas, e o principal foi de uma adolescente que sobreviveu. Ela fazia parte do grupo das meninas que come\u00e7aram o inc\u00eandio, e n\u00e3o compareceu ao quarto onde tudo aconteceu<\/p>\n<p style=\"text-align: justify;\">Por meio de nota, a prefeitura informou que, todas as Casas de Acolhimento do munic\u00edpio passam por frequentes manuten\u00e7\u00f5es e est\u00e3o todas em perfeitas condi\u00e7\u00f5es de uso. Al\u00e9m disso, s\u00e3o vistoriadas periodicamente pelos \u00f3rg\u00e3os competentes, tendo todos os atestados de regularidade vigentes.<\/p>\n<p style=\"text-align: justify;\">Todos os colaboradores passam por treinamentos constantes e est\u00e3o aptos ao of\u00edcio, como tamb\u00e9m, em todas as Casas de Acolhimento, passaram a contar com a colabora\u00e7\u00e3o de bombeiros civis para qualquer eventualidade. Informou que colaborou com toda a investiga\u00e7\u00e3o junto \u00e0 Pol\u00edcia Civil para resolu\u00e7\u00e3o das investiga\u00e7\u00f5es.<\/p>\n<p>Siga o Instagram do Blog @blogdoedvaldomagalhaes<\/p>\n<p style=\"text-align: justify;\">\u00a0<\/p>\n\n\n<figure class=\"wp-block-image size-large\"><img loading=\"lazy\" decoding=\"async\" width=\"1024\" height=\"576\" src=\"https:\/\/blogdoedvaldomagalhaes.com.br\/wp-content\/uploads\/2023\/04\/E26B3D2C-3C3E-4512-B595-6339ECFF9B48-1024x576.jpeg\" alt=\"\" class=\"wp-image-95137\" srcset=\"https:\/\/blogdoedvaldomagalhaes.com.br\/wp-content\/uploads\/2023\/04\/E26B3D2C-3C3E-4512-B595-6339ECFF9B48-1024x576.jpeg 1024w, https:\/\/blogdoedvaldomagalhaes.com.br\/wp-content\/uploads\/2023\/04\/E26B3D2C-3C3E-4512-B595-6339ECFF9B48-300x169.jpeg 300w, https:\/\/blogdoedvaldomagalhaes.com.br\/wp-content\/uploads\/2023\/04\/E26B3D2C-3C3E-4512-B595-6339ECFF9B48-768x432.jpeg 768w, https:\/\/blogdoedvaldomagalhaes.com.br\/wp-content\/uploads\/2023\/04\/E26B3D2C-3C3E-4512-B595-6339ECFF9B48-1536x864.jpeg 1536w, https:\/\/blogdoedvaldomagalhaes.com.br\/wp-content\/uploads\/2023\/04\/E26B3D2C-3C3E-4512-B595-6339ECFF9B48-2048x1152.jpeg 2048w, https:\/\/blogdoedvaldomagalhaes.com.br\/wp-content\/uploads\/2023\/04\/E26B3D2C-3C3E-4512-B595-6339ECFF9B48-1140x641.jpeg 1140w, https:\/\/blogdoedvaldomagalhaes.com.br\/wp-content\/uploads\/2023\/04\/E26B3D2C-3C3E-4512-B595-6339ECFF9B48-720x405.jpeg 720w\" sizes=\"auto, (max-width: 1024px) 100vw, 1024px\" \/><figcaption class=\"wp-element-caption\">Fotos: Blog do Edvaldo Magalh\u00e3es <\/figcaption><\/figure>\n","protected":false},"excerpt":{"rendered":"<p>A Pol\u00edcia Civil concluiu o inqu\u00e9rito que investigava as mortes de quatro adolescente na casa de Acolhimento 2, localizada na&hellip;<\/p>\n","protected":false},"author":1,"featured_media":95136,"comment_status":"closed","ping_status":"open","sticky":false,"template":"","format":"standard","meta":{"footnotes":""},"categories":[14121],"tags":[2,19532,3406,27275],"class_list":["post-95134","post","type-post","status-publish","format-standard","has-post-thumbnail","hentry","category-policial","tag-blog-do-edvaldo-magalhaes","tag-blog-mais-acessado-e-visualizado-de-caruaru-e-regiao","tag-caruaru","tag-incendio-que-matou-4-adolescentes-em-caruaru-foi-provocado-pelas-proprias-vitimas-segundo-inquerito-da-policia"],"_links":{"self":[{"href":"https:\/\/blogdoedvaldomagalhaes.com.br\/index.php\/wp-json\/wp\/v2\/posts\/95134","targetHints":{"allow":["GET"]}}],"collection":[{"href":"https:\/\/blogdoedvaldomagalhaes.com.br\/index.php\/wp-json\/wp\/v2\/posts"}],"about":[{"href":"https:\/\/blogdoedvaldomagalhaes.com.br\/index.php\/wp-json\/wp\/v2\/types\/post"}],"author":[{"embeddable":true,"href":"https:\/\/blogdoedvaldomagalhaes.com.br\/index.php\/wp-json\/wp\/v2\/users\/1"}],"replies":[{"embeddable":true,"href":"https:\/\/blogdoedvaldomagalhaes.com.br\/index.php\/wp-json\/wp\/v2\/comments?post=95134"}],"version-history":[{"count":3,"href":"https:\/\/blogdoedvaldomagalhaes.com.br\/index.php\/wp-json\/wp\/v2\/posts\/95134\/revisions"}],"predecessor-version":[{"id":95141,"href":"https:\/\/blogdoedvaldomagalhaes.com.br\/index.php\/wp-json\/wp\/v2\/posts\/95134\/revisions\/95141"}],"wp:featuredmedia":[{"embeddable":true,"href":"https:\/\/blogdoedvaldomagalhaes.com.br\/index.php\/wp-json\/wp\/v2\/media\/95136"}],"wp:attachment":[{"href":"https:\/\/blogdoedvaldomagalhaes.com.br\/index.php\/wp-json\/wp\/v2\/media?parent=95134"}],"wp:term":[{"taxonomy":"category","embeddable":true,"href":"https:\/\/blogdoedvaldomagalhaes.com.br\/index.php\/wp-json\/wp\/v2\/categories?post=95134"},{"taxonomy":"post_tag","embeddable":true,"href":"https:\/\/blogdoedvaldomagalhaes.com.br\/index.php\/wp-json\/wp\/v2\/tags?post=95134"}],"curies":[{"name":"wp","href":"https:\/\/api.w.org\/{rel}","templated":true}]}}