{"id":95129,"date":"2023-04-17T12:37:04","date_gmt":"2023-04-17T15:37:04","guid":{"rendered":"https:\/\/blogdoedvaldomagalhaes.com.br\/?p=95129"},"modified":"2023-04-17T19:56:34","modified_gmt":"2023-04-17T22:56:34","slug":"colisao-frontal-entre-moto-e-carro-na-br-232-deixa-um-morto","status":"publish","type":"post","link":"https:\/\/blogdoedvaldomagalhaes.com.br\/index.php\/2023\/04\/17\/colisao-frontal-entre-moto-e-carro-na-br-232-deixa-um-morto\/","title":{"rendered":"Colis\u00e3o frontal entre moto e carro na BR 232, deixa um morto"},"content":{"rendered":"<p style=\"text-align: justify;\">O sinistro ocorreu domingo (16), por volta das 20h40, no Km 63 da BR 232, na Serra das Russas, em Pombos, no sentido interior. F<span style=\"font-size: revert; color: initial;\">oi uma colis\u00e3o frontal entre uma motocicleta e um ve\u00edculo Fiat Toro.<\/span><\/p>\n<p style=\"text-align: justify;\">Pelos vest\u00edgios verificados no local pela Pol\u00edcia Rodovi\u00e1ria Federal (PRF), a motocicleta descia a Serra das Russas na contram\u00e3o da rodovia, quando colidiu frontalmente no carro. O c<span style=\"color: initial; font-size: revert;\">ondutor da moto, Jos\u00e9 Amaro Paulo dos Santos, 47 anos de idade, faleceu no local. O Samu de Pombos foi acionado, mas ao chegar no local, foi constatado o \u00f3bito.<\/span><\/p>\n<p style=\"text-align: justify;\">O motorista da caminhonete n\u00e3o ficou ferido, acionou o SAMU e aguardou no local,\u00a0 onde realizou o teste do baf\u00f4metro e o resultado foi normal.<\/p>\n<p style=\"text-align: justify;\">Al\u00e9m da PRF, o SAMU, IC e Pol\u00edcia Civil estiveram no local. A Pol\u00edcia Civil vai investigar o caso.<\/p>\n<p style=\"text-align: justify;\">Siga o Instagram do Blog @blogdoedvaldomagalhaes<\/p>\n\n\n<figure class=\"wp-block-image size-large\"><img loading=\"lazy\" decoding=\"async\" width=\"1024\" height=\"864\" src=\"https:\/\/blogdoedvaldomagalhaes.com.br\/wp-content\/uploads\/2023\/04\/IMG-20230417-WA0046-1024x864.jpg\" alt=\"\" class=\"wp-image-95131\" srcset=\"https:\/\/blogdoedvaldomagalhaes.com.br\/wp-content\/uploads\/2023\/04\/IMG-20230417-WA0046-1024x864.jpg 1024w, https:\/\/blogdoedvaldomagalhaes.com.br\/wp-content\/uploads\/2023\/04\/IMG-20230417-WA0046-300x253.jpg 300w, https:\/\/blogdoedvaldomagalhaes.com.br\/wp-content\/uploads\/2023\/04\/IMG-20230417-WA0046-768x648.jpg 768w, https:\/\/blogdoedvaldomagalhaes.com.br\/wp-content\/uploads\/2023\/04\/IMG-20230417-WA0046.jpg 1423w\" sizes=\"auto, (max-width: 1024px) 100vw, 1024px\" \/><figcaption class=\"wp-element-caption\">Fotos: Divulga\u00e7\u00e3o\/PRF<\/figcaption><\/figure>\n","protected":false},"excerpt":{"rendered":"<p>O sinistro ocorreu domingo (16), por volta das 20h40, no Km 63 da BR 232, na Serra das Russas, em&hellip;<\/p>\n","protected":false},"author":1,"featured_media":95130,"comment_status":"closed","ping_status":"open","sticky":false,"template":"","format":"standard","meta":{"footnotes":""},"categories":[14120],"tags":[2,19532,3406,27273],"class_list":["post-95129","post","type-post","status-publish","format-standard","has-post-thumbnail","hentry","category-noticias","tag-blog-do-edvaldo-magalhaes","tag-blog-mais-acessado-e-visualizado-de-caruaru-e-regiao","tag-caruaru","tag-colisao-frontal-entre-moto-e-carro-na-br-232-deixa-um-morto"],"_links":{"self":[{"href":"https:\/\/blogdoedvaldomagalhaes.com.br\/index.php\/wp-json\/wp\/v2\/posts\/95129","targetHints":{"allow":["GET"]}}],"collection":[{"href":"https:\/\/blogdoedvaldomagalhaes.com.br\/index.php\/wp-json\/wp\/v2\/posts"}],"about":[{"href":"https:\/\/blogdoedvaldomagalhaes.com.br\/index.php\/wp-json\/wp\/v2\/types\/post"}],"author":[{"embeddable":true,"href":"https:\/\/blogdoedvaldomagalhaes.com.br\/index.php\/wp-json\/wp\/v2\/users\/1"}],"replies":[{"embeddable":true,"href":"https:\/\/blogdoedvaldomagalhaes.com.br\/index.php\/wp-json\/wp\/v2\/comments?post=95129"}],"version-history":[{"count":2,"href":"https:\/\/blogdoedvaldomagalhaes.com.br\/index.php\/wp-json\/wp\/v2\/posts\/95129\/revisions"}],"predecessor-version":[{"id":95157,"href":"https:\/\/blogdoedvaldomagalhaes.com.br\/index.php\/wp-json\/wp\/v2\/posts\/95129\/revisions\/95157"}],"wp:featuredmedia":[{"embeddable":true,"href":"https:\/\/blogdoedvaldomagalhaes.com.br\/index.php\/wp-json\/wp\/v2\/media\/95130"}],"wp:attachment":[{"href":"https:\/\/blogdoedvaldomagalhaes.com.br\/index.php\/wp-json\/wp\/v2\/media?parent=95129"}],"wp:term":[{"taxonomy":"category","embeddable":true,"href":"https:\/\/blogdoedvaldomagalhaes.com.br\/index.php\/wp-json\/wp\/v2\/categories?post=95129"},{"taxonomy":"post_tag","embeddable":true,"href":"https:\/\/blogdoedvaldomagalhaes.com.br\/index.php\/wp-json\/wp\/v2\/tags?post=95129"}],"curies":[{"name":"wp","href":"https:\/\/api.w.org\/{rel}","templated":true}]}}