{"id":95125,"date":"2023-04-17T09:50:25","date_gmt":"2023-04-17T12:50:25","guid":{"rendered":"https:\/\/blogdoedvaldomagalhaes.com.br\/?p=95125"},"modified":"2023-05-16T10:49:52","modified_gmt":"2023-05-16T13:49:52","slug":"2a-caominhada-promovida-por-anderson-correia-reune-prefeito-rodrigo-pinheiro-autoridades-e-varias-familias-em-caruaru","status":"publish","type":"post","link":"https:\/\/blogdoedvaldomagalhaes.com.br\/index.php\/2023\/04\/17\/2a-caominhada-promovida-por-anderson-correia-reune-prefeito-rodrigo-pinheiro-autoridades-e-varias-familias-em-caruaru\/","title":{"rendered":"2\u00aa C\u00e3ominhada promovida por Anderson Correia re\u00fane prefeito Rodrigo Pinheiro, autoridades e v\u00e1rias fam\u00edlias em Caruaru"},"content":{"rendered":"<p style=\"text-align: justify;\"><span style=\"font-size: revert;\">A 2\u00aa C\u00e3ominhada \u2013 Abril Laranja \u2013promovida pelo vereador Anderson Correia (PP) foi um sucesso mais uma vez. A iniciativa do parlamentar, refer\u00eancia no ativismo da bandeira da causa animal, aconteceu neste domingo (16), na Pra\u00e7a da Unique, no bairro Universit\u00e1rio, e superou asexpectativas de quem esteve no local, com uma grande estrutura e uma rotatividade de mais de 100 animais acompanhados seus tutores, que aproveitaram a programa\u00e7\u00e3o em fam\u00edlia, com muita divers\u00e3o e descontra\u00e7\u00e3o.<\/span><\/p>\n<p style=\"text-align: justify;\">A C\u00e3ominhada foi alusiva \u00e0 campanha Abril Laranja, que acontece todos os anos, com a conscientiza\u00e7\u00e3o do combate \u00e0 crueldade animal em todo pa\u00eds. Caruaru tamb\u00e9m conta com essa lei do Abril Laranja, proposta por Anderson e promulgada pelo Poder Executivo \u2013 (Lei n\u00ba 6.699, de 29 de abril de 2021). Na ocasi\u00e3o, foram entregues brindes e ra\u00e7\u00e3o da empresa parceira Magnus, e o evento reuniu muitos c\u00e3es com v\u00e1rias fam\u00edlias, diversas autoridades como vereadores, secret\u00e1rios a n\u00edvel municipal e estadual, al\u00e9m do prefeito Rodrigo Pinheiro, que participou da programa\u00e7\u00e3o durante a c\u00e3ominhada com os animais, ao lado do vereador Anderson Correia.<\/p>\n<p style=\"text-align: justify;\">\u201cSe a nossa primeira C\u00e3ominhada foi um sucesso, essa segunda superou nossas expectativas. Foi um momento \u00edmpar em prol dos nossos animais, conscientizando a popula\u00e7\u00e3o com essa campanha muito importante contra acrueldade animal. Essa \u00e9 a nossa luta, aproximar a sociedade da causa e dos direitos dos animais, e isso tem sido feito por meio do nosso mandato. Minha gratid\u00e3o a todos que participaram e ao nosso prefeito Rodrigo Pinheiro, que esteve com agente e se mostrou sens\u00edvel a esta causa t\u00e3o nobre\u201d, destacou Anderson.<\/p>\n","protected":false},"excerpt":{"rendered":"<p>A 2\u00aa C\u00e3ominhada \u2013 Abril Laranja \u2013promovida pelo vereador Anderson Correia (PP) foi um sucesso mais uma vez. A iniciativa&hellip;<\/p>\n","protected":false},"author":1,"featured_media":95126,"comment_status":"closed","ping_status":"open","sticky":false,"template":"","format":"standard","meta":{"footnotes":""},"categories":[14122],"tags":[27272,2,19532,3406,20295],"class_list":["post-95125","post","type-post","status-publish","format-standard","has-post-thumbnail","hentry","category-politica","tag-2a-caominhada-promovida-por-anderson-correia-reune-prefeito-rodrigo-pinheiro-autoridades-e-varias-familias-em-caruaru","tag-blog-do-edvaldo-magalhaes","tag-blog-mais-acessado-e-visualizado-de-caruaru-e-regiao","tag-caruaru","tag-politica-2"],"_links":{"self":[{"href":"https:\/\/blogdoedvaldomagalhaes.com.br\/index.php\/wp-json\/wp\/v2\/posts\/95125","targetHints":{"allow":["GET"]}}],"collection":[{"href":"https:\/\/blogdoedvaldomagalhaes.com.br\/index.php\/wp-json\/wp\/v2\/posts"}],"about":[{"href":"https:\/\/blogdoedvaldomagalhaes.com.br\/index.php\/wp-json\/wp\/v2\/types\/post"}],"author":[{"embeddable":true,"href":"https:\/\/blogdoedvaldomagalhaes.com.br\/index.php\/wp-json\/wp\/v2\/users\/1"}],"replies":[{"embeddable":true,"href":"https:\/\/blogdoedvaldomagalhaes.com.br\/index.php\/wp-json\/wp\/v2\/comments?post=95125"}],"version-history":[{"count":2,"href":"https:\/\/blogdoedvaldomagalhaes.com.br\/index.php\/wp-json\/wp\/v2\/posts\/95125\/revisions"}],"predecessor-version":[{"id":96222,"href":"https:\/\/blogdoedvaldomagalhaes.com.br\/index.php\/wp-json\/wp\/v2\/posts\/95125\/revisions\/96222"}],"wp:featuredmedia":[{"embeddable":true,"href":"https:\/\/blogdoedvaldomagalhaes.com.br\/index.php\/wp-json\/wp\/v2\/media\/95126"}],"wp:attachment":[{"href":"https:\/\/blogdoedvaldomagalhaes.com.br\/index.php\/wp-json\/wp\/v2\/media?parent=95125"}],"wp:term":[{"taxonomy":"category","embeddable":true,"href":"https:\/\/blogdoedvaldomagalhaes.com.br\/index.php\/wp-json\/wp\/v2\/categories?post=95125"},{"taxonomy":"post_tag","embeddable":true,"href":"https:\/\/blogdoedvaldomagalhaes.com.br\/index.php\/wp-json\/wp\/v2\/tags?post=95125"}],"curies":[{"name":"wp","href":"https:\/\/api.w.org\/{rel}","templated":true}]}}