{"id":95120,"date":"2023-04-16T21:29:23","date_gmt":"2023-04-17T00:29:23","guid":{"rendered":"https:\/\/blogdoedvaldomagalhaes.com.br\/?p=95120"},"modified":"2023-04-16T22:00:23","modified_gmt":"2023-04-17T01:00:23","slug":"homem-e-morto-a-pauladas-em-caruaru","status":"publish","type":"post","link":"https:\/\/blogdoedvaldomagalhaes.com.br\/index.php\/2023\/04\/16\/homem-e-morto-a-pauladas-em-caruaru\/","title":{"rendered":"Homem \u00e9 morto a pauladas em Caruaru"},"content":{"rendered":"<p style=\"text-align: justify;\">A Pol\u00edcia Civil registrou um homic\u00eddio na noite deste domingo (16), no bairro Fernando Lyra, em Caruaru. Manoel Luiz da Silva Andrade, 32 anos, foi morto a pauladas e golpes de garrafa. A Pol\u00edcia Militar fez o isolamento da \u00e1rea. Policiais civis e peritos do Instituto de Criminal\u00edstica tamb\u00e9m estiveram no local. O corpo foi encaminhado ao IML.<\/p>\n<p style=\"text-align: justify;\">Siga o Instagram do Blog @blogdoedvaldomagalhaes<\/p>\n","protected":false},"excerpt":{"rendered":"<p>A Pol\u00edcia Civil registrou um homic\u00eddio na noite deste domingo (16), no bairro Fernando Lyra, em Caruaru. Manoel Luiz da&hellip;<\/p>\n","protected":false},"author":1,"featured_media":95121,"comment_status":"closed","ping_status":"open","sticky":false,"template":"","format":"standard","meta":{"footnotes":""},"categories":[14121],"tags":[2,19532,3406,27271],"class_list":["post-95120","post","type-post","status-publish","format-standard","has-post-thumbnail","hentry","category-policial","tag-blog-do-edvaldo-magalhaes","tag-blog-mais-acessado-e-visualizado-de-caruaru-e-regiao","tag-caruaru","tag-homem-e-morto-a-pauladas-em-caruaru"],"_links":{"self":[{"href":"https:\/\/blogdoedvaldomagalhaes.com.br\/index.php\/wp-json\/wp\/v2\/posts\/95120","targetHints":{"allow":["GET"]}}],"collection":[{"href":"https:\/\/blogdoedvaldomagalhaes.com.br\/index.php\/wp-json\/wp\/v2\/posts"}],"about":[{"href":"https:\/\/blogdoedvaldomagalhaes.com.br\/index.php\/wp-json\/wp\/v2\/types\/post"}],"author":[{"embeddable":true,"href":"https:\/\/blogdoedvaldomagalhaes.com.br\/index.php\/wp-json\/wp\/v2\/users\/1"}],"replies":[{"embeddable":true,"href":"https:\/\/blogdoedvaldomagalhaes.com.br\/index.php\/wp-json\/wp\/v2\/comments?post=95120"}],"version-history":[{"count":2,"href":"https:\/\/blogdoedvaldomagalhaes.com.br\/index.php\/wp-json\/wp\/v2\/posts\/95120\/revisions"}],"predecessor-version":[{"id":95124,"href":"https:\/\/blogdoedvaldomagalhaes.com.br\/index.php\/wp-json\/wp\/v2\/posts\/95120\/revisions\/95124"}],"wp:featuredmedia":[{"embeddable":true,"href":"https:\/\/blogdoedvaldomagalhaes.com.br\/index.php\/wp-json\/wp\/v2\/media\/95121"}],"wp:attachment":[{"href":"https:\/\/blogdoedvaldomagalhaes.com.br\/index.php\/wp-json\/wp\/v2\/media?parent=95120"}],"wp:term":[{"taxonomy":"category","embeddable":true,"href":"https:\/\/blogdoedvaldomagalhaes.com.br\/index.php\/wp-json\/wp\/v2\/categories?post=95120"},{"taxonomy":"post_tag","embeddable":true,"href":"https:\/\/blogdoedvaldomagalhaes.com.br\/index.php\/wp-json\/wp\/v2\/tags?post=95120"}],"curies":[{"name":"wp","href":"https:\/\/api.w.org\/{rel}","templated":true}]}}