{"id":95117,"date":"2023-04-16T20:56:57","date_gmt":"2023-04-16T23:56:57","guid":{"rendered":"https:\/\/blogdoedvaldomagalhaes.com.br\/?p=95117"},"modified":"2023-04-16T20:56:58","modified_gmt":"2023-04-16T23:56:58","slug":"mst-ocupa-8-latifundios-em-pernambuco-como-parte-do-abril-de-lutas","status":"publish","type":"post","link":"https:\/\/blogdoedvaldomagalhaes.com.br\/index.php\/2023\/04\/16\/mst-ocupa-8-latifundios-em-pernambuco-como-parte-do-abril-de-lutas\/","title":{"rendered":"MST ocupa 8 latif\u00fandios em Pernambuco, como parte do Abril de Lutas"},"content":{"rendered":"<p style=\"text-align: justify;\"><span style=\"font-size: revert;\">Neste final de semana, o Movimento Sem Terra (MST) de Pernambuco fincou a sua bandeira em 8 latif\u00fandios que n\u00e3o cumprem a fun\u00e7\u00e3o social da terra, houveram a\u00e7\u00f5es de enfrentamento ao latif\u00fandio em todas as grandes regi\u00f5es do Estado de Pernambuco: na Regi\u00e3o Metropolitana, Zona da Mata, Agreste e Sert\u00e3o, totalizando 2.280. Novas fam\u00edlias Sem Terra est\u00e3o em lutas nas ocupa\u00e7\u00f5es nos seguintes territ\u00f3rios: Engenho Cumbre (Timba\u00faba) com 200 fam\u00edlias (ocupada dia 03\/04), \u00e1rea p\u00fablica pertencente ao governo do Estado desde 2012; Engenho Juli\u00e3ozinho, munic\u00edpio de (Timba\u00faba), com 150 fam\u00edlias, terras p\u00fablicas do Governo do<\/span><\/p>\n<p style=\"text-align: justify;\">Estado de Pernambuco est\u00e3o sendo arrendadas de forma irregular pela Usina\u00a0Cruangi; Engenho Pinheiro ligado \u00e0 massa falida da Usina Bulh\u00f5es (Jaboat\u00e3o dos Guararapes) com 400 fam\u00edlias, a propriedade al\u00e9m de n\u00e3o cumprir a fun\u00e7\u00e3o social, possui irregularidades tribut\u00e1rias junto e perante ao Estado Brasileiro; Barra do Algod\u00e3o (Tacaimb\u00f3) com 80 fam\u00edlias, por problemas de irregularidadades ao imposto da terra ; Santa Terezinha (Caruaru) com 350 fam\u00edlias, uma \u00e1rea que tem um grande potencial produtivo, entretanto o montante geral da terra est\u00e1 ocioso, al\u00e9m de implica\u00e7\u00e3o na Receita Federal; Fazenda Boa Esperan\u00e7a (Gloria do Goit\u00e1) com 200 fam\u00edlias, uma \u00e1rea emblem\u00e1tica mas est\u00e1 sob controle de uma fam\u00edlia tradicional da regi\u00e3o, a fam\u00edlia Paes, o MST, al\u00e9m desta, reivindica a desapropria\u00e7\u00e3o de mais um latif\u00fandio; Engenho Barreirinha, na Usina Santa Tereza (Goi\u00e2nia) com 300 fam\u00edlias, a \u00e1rea ocupada j\u00e1 foi desapropriada no ano de 2013 pelo Governo do Estado, por\u00e9m a Usina a mantinha sob seu controle; \u00c1rea da Embrapa (Petrolina) foi ocupada por 600 fam\u00edlias com intuito de transformar essa terra devoluta em um projeto de assentamento da Reforma Agr\u00e1ria.<\/p>\n<p style=\"text-align: justify;\">Por isso, temos convic\u00e7\u00e3o diante da crise que atinge a maioria dos pobres no Brasil de que a Reforma Agr\u00e1ria \u00e9 um importante instrumento para combater a fome, inclusive, n\u00f3s do Movimento durante a pandemia doamos 8,2 mil toneladas de alimentos e mais de 2,3 milh\u00f5es de marmitas solid\u00e1rias. Enquanto isso, o agroneg\u00f3cio n\u00e3o entregou nenhum caminh\u00e3o de alimentos nas periferias das grandes cidades.<br \/>\nPor isso, \u00e9 importante o Cr\u00e9dito \u00e0 Reforma Agr\u00e1ria para produ\u00e7\u00e3o de mais alimentos para resolver de vez o problema da fome em nosso pa\u00eds. Somos uma for\u00e7a concreta voltada \u00e0 produ\u00e7\u00e3o de alimentos saud\u00e1veis, com 160 cooperativas, 120 agroind\u00fastrias, 1900 associa\u00e7\u00f5es e mais de 450 mil fam\u00edlias assentadas. Somos o maior produtor de arroz org\u00e2nico da Am\u00e9rica latina e dos maiores produtores de agroecologia.<\/p>\n<p style=\"text-align: justify;\">Solicitamos que o Governo assente ainda em 2023 todas as fam\u00edlias acampadas do MST que est\u00e3o a mais 7,8 anos debaixo lutando pra ser assentadas, ao todo, temos 65 mil fam\u00edlias debaixo do barraco de lona, s\u00f3 em Pernambuco temos 143 acampamentos, aqui no estado recriar o Incra de Petrolina e nomear o superintendente de imediato.<br \/>\nMesmo sem conseguir assentarmos fam\u00edlias nos \u00faltimos durante o processo da pandemia doamos em Pernambuco 1300 toneladas de alimentos 1,7 milh\u00e3o e setecentas mil marmitas acreditamos que a solidariedade \u00e9 um princ\u00edpio de muito valor em termos humanit\u00e1rios.<\/p>\n<p style=\"text-align: justify;\">Ent\u00e3o, o que a Constitui\u00e7\u00e3o entende por fun\u00e7\u00e3o social da terra?<\/p>\n<p style=\"text-align: justify;\">A Constitui\u00e7\u00e3o Federal diz, no artigo 184, que a Uni\u00e3o, ou seja, o governo federal, deve desapropriar as terras que n\u00e3o cumprem a fun\u00e7\u00e3o social e destin\u00e1-las para a Reforma Agr\u00e1ria. J\u00e1 o artigo 186 diz que, para cumprir com a fun\u00e7\u00e3o social, o propriet\u00e1rio deve fazer um \u201caproveitamento racional e adequado, utiliza\u00e7\u00e3o adequada dos recursos naturais dispon\u00edveis e preserva\u00e7\u00e3o do meio ambiente, observ\u00e2ncia das disposi\u00e7\u00f5es que regulam as rela\u00e7\u00f5es de trabalho, explora\u00e7\u00e3o que favore\u00e7a o bem-estar dos propriet\u00e1rios e dos trabalhadores\u201d.<\/p>\n<p style=\"text-align: justify;\">O agroneg\u00f3cio \u00e9 um dos respons\u00e1veis pela crise que o pa\u00eds enfrenta e que a sa\u00edda dela passa pela retomada de uma pol\u00edtica de Reforma Agr\u00e1ria.<\/p>\n<p style=\"text-align: justify;\">&#8211; Fome<br \/>\nA maior parte da popula\u00e7\u00e3o brasileira sofre com a falta de alimentos. Pelo menos 33,1 milh\u00f5es de pessoas convivem com a fome no Brasil, o que corresponde a 15,5% da popula\u00e7\u00e3o. E, cerca de 58,7% de brasileiras e brasileiros sofrem com a falta de alimentos na mesa, ou seja, 6 em cada 10 fam\u00edlias n\u00e3o t\u00eam comida suficiente para alimentar-se.<br \/>\nAo todo, s\u00e3o 125,2 milh\u00f5es em condi\u00e7\u00e3o de inseguran\u00e7a alimentar leve, moderada ou grave.<br \/>\n&#8211; Terra<br \/>\nA concentra\u00e7\u00e3o de terras no Brasil \u00e9 uma das maiores no mundo, cerca de 1% dos propriet\u00e1rios s\u00e3o donos de quase 50% das propriedades rurais no pa\u00eds.<\/p>\n<p style=\"text-align: justify;\">Por isso defendemos que para superar os problemas que atingem o nosso pa\u00eds \u00e9 necess\u00e1rio que o estado coloque as terras a disposi\u00e7\u00e3o para os trabalhadores e trabalhadoras para produzir alimentos, gerar renda no interior, conseguir trabalho, ter moradia e ajudar a popula\u00e7\u00e3o e Brasil a sair da crise herdada pelo o governo anterior.<\/p>\n<p style=\"text-align: justify;\">\ud83d\udcf8: Comunica\u00e7\u00e3o MST\/PE<\/p>\n<p style=\"text-align: justify;\">\n","protected":false},"excerpt":{"rendered":"<p>Neste final de semana, o Movimento Sem Terra (MST) de Pernambuco fincou a sua bandeira em 8 latif\u00fandios que n\u00e3o&hellip;<\/p>\n","protected":false},"author":1,"featured_media":95118,"comment_status":"closed","ping_status":"open","sticky":false,"template":"","format":"standard","meta":{"footnotes":""},"categories":[14120],"tags":[2,19532,3406,27270],"class_list":["post-95117","post","type-post","status-publish","format-standard","has-post-thumbnail","hentry","category-noticias","tag-blog-do-edvaldo-magalhaes","tag-blog-mais-acessado-e-visualizado-de-caruaru-e-regiao","tag-caruaru","tag-mst-ocupa-8-latifundios-em-pernambuco-como-parte-do-abril-de-lutas"],"_links":{"self":[{"href":"https:\/\/blogdoedvaldomagalhaes.com.br\/index.php\/wp-json\/wp\/v2\/posts\/95117","targetHints":{"allow":["GET"]}}],"collection":[{"href":"https:\/\/blogdoedvaldomagalhaes.com.br\/index.php\/wp-json\/wp\/v2\/posts"}],"about":[{"href":"https:\/\/blogdoedvaldomagalhaes.com.br\/index.php\/wp-json\/wp\/v2\/types\/post"}],"author":[{"embeddable":true,"href":"https:\/\/blogdoedvaldomagalhaes.com.br\/index.php\/wp-json\/wp\/v2\/users\/1"}],"replies":[{"embeddable":true,"href":"https:\/\/blogdoedvaldomagalhaes.com.br\/index.php\/wp-json\/wp\/v2\/comments?post=95117"}],"version-history":[{"count":1,"href":"https:\/\/blogdoedvaldomagalhaes.com.br\/index.php\/wp-json\/wp\/v2\/posts\/95117\/revisions"}],"predecessor-version":[{"id":95119,"href":"https:\/\/blogdoedvaldomagalhaes.com.br\/index.php\/wp-json\/wp\/v2\/posts\/95117\/revisions\/95119"}],"wp:featuredmedia":[{"embeddable":true,"href":"https:\/\/blogdoedvaldomagalhaes.com.br\/index.php\/wp-json\/wp\/v2\/media\/95118"}],"wp:attachment":[{"href":"https:\/\/blogdoedvaldomagalhaes.com.br\/index.php\/wp-json\/wp\/v2\/media?parent=95117"}],"wp:term":[{"taxonomy":"category","embeddable":true,"href":"https:\/\/blogdoedvaldomagalhaes.com.br\/index.php\/wp-json\/wp\/v2\/categories?post=95117"},{"taxonomy":"post_tag","embeddable":true,"href":"https:\/\/blogdoedvaldomagalhaes.com.br\/index.php\/wp-json\/wp\/v2\/tags?post=95117"}],"curies":[{"name":"wp","href":"https:\/\/api.w.org\/{rel}","templated":true}]}}