{"id":95114,"date":"2023-04-16T20:29:10","date_gmt":"2023-04-16T23:29:10","guid":{"rendered":"https:\/\/blogdoedvaldomagalhaes.com.br\/?p=95114"},"modified":"2023-04-16T20:29:11","modified_gmt":"2023-04-16T23:29:11","slug":"compesa-suspende-abastecimento-de-agua-de-jucazinho-apos-vazamento","status":"publish","type":"post","link":"https:\/\/blogdoedvaldomagalhaes.com.br\/index.php\/2023\/04\/16\/compesa-suspende-abastecimento-de-agua-de-jucazinho-apos-vazamento\/","title":{"rendered":"Compesa suspende abastecimento de \u00e1gua de Jucazinho, ap\u00f3s vazamento"},"content":{"rendered":"<p style=\"text-align: justify;\"><span style=\"font-size: revert;\">A Compesa informa que identificou um vazamento de grandes propor\u00e7\u00f5es e com elevada press\u00e3o, na esta\u00e7\u00e3o elevat\u00f3ria 2 (sistema de bombeamento), localizada em Cumaru e que integra o Sistema Jucazinho, no in\u00edcio da manh\u00e3 manh\u00e3 deste domingo, (16). Para realizar os reparos necess\u00e1rios, foi preciso interromper o funcionamento do Sistema.<\/span><\/p>\n<p style=\"text-align: justify;\">As cidades de Cumaru, Passira, Ameixas e Riacho das Almas est\u00e3o com o fornecimento de \u00e1gua suspenso.<\/p>\n<p style=\"text-align: justify;\">J\u00e1 os munic\u00edpios de Caruaru, Bezerros e Toritama ficar\u00e3o desabastecidos parcialmente.<\/p>\n<p style=\"text-align: justify;\">Os servi\u00e7os ser\u00e3o conclu\u00eddos at\u00e9 \u00e0s 17h desta segunda-feira, (17), quando o abastecimento ser\u00e1 retomado gradativamente seguindo o calend\u00e1rio de cada munic\u00edpio.<\/p>\n<p>Foto: Carlos Alberto.<\/p>\n<p>Siga o Instagram do Blog @blogdoedvaldomagalhaes<\/p>\n","protected":false},"excerpt":{"rendered":"<p>A Compesa informa que identificou um vazamento de grandes propor\u00e7\u00f5es e com elevada press\u00e3o, na esta\u00e7\u00e3o elevat\u00f3ria 2 (sistema de&hellip;<\/p>\n","protected":false},"author":1,"featured_media":95115,"comment_status":"closed","ping_status":"open","sticky":false,"template":"","format":"standard","meta":{"footnotes":""},"categories":[14120],"tags":[2,19532,3406,27269],"class_list":["post-95114","post","type-post","status-publish","format-standard","has-post-thumbnail","hentry","category-noticias","tag-blog-do-edvaldo-magalhaes","tag-blog-mais-acessado-e-visualizado-de-caruaru-e-regiao","tag-caruaru","tag-compesa-suspende-abastecimento-de-agua-de-jucazinho-apos-vazamento"],"_links":{"self":[{"href":"https:\/\/blogdoedvaldomagalhaes.com.br\/index.php\/wp-json\/wp\/v2\/posts\/95114","targetHints":{"allow":["GET"]}}],"collection":[{"href":"https:\/\/blogdoedvaldomagalhaes.com.br\/index.php\/wp-json\/wp\/v2\/posts"}],"about":[{"href":"https:\/\/blogdoedvaldomagalhaes.com.br\/index.php\/wp-json\/wp\/v2\/types\/post"}],"author":[{"embeddable":true,"href":"https:\/\/blogdoedvaldomagalhaes.com.br\/index.php\/wp-json\/wp\/v2\/users\/1"}],"replies":[{"embeddable":true,"href":"https:\/\/blogdoedvaldomagalhaes.com.br\/index.php\/wp-json\/wp\/v2\/comments?post=95114"}],"version-history":[{"count":1,"href":"https:\/\/blogdoedvaldomagalhaes.com.br\/index.php\/wp-json\/wp\/v2\/posts\/95114\/revisions"}],"predecessor-version":[{"id":95116,"href":"https:\/\/blogdoedvaldomagalhaes.com.br\/index.php\/wp-json\/wp\/v2\/posts\/95114\/revisions\/95116"}],"wp:featuredmedia":[{"embeddable":true,"href":"https:\/\/blogdoedvaldomagalhaes.com.br\/index.php\/wp-json\/wp\/v2\/media\/95115"}],"wp:attachment":[{"href":"https:\/\/blogdoedvaldomagalhaes.com.br\/index.php\/wp-json\/wp\/v2\/media?parent=95114"}],"wp:term":[{"taxonomy":"category","embeddable":true,"href":"https:\/\/blogdoedvaldomagalhaes.com.br\/index.php\/wp-json\/wp\/v2\/categories?post=95114"},{"taxonomy":"post_tag","embeddable":true,"href":"https:\/\/blogdoedvaldomagalhaes.com.br\/index.php\/wp-json\/wp\/v2\/tags?post=95114"}],"curies":[{"name":"wp","href":"https:\/\/api.w.org\/{rel}","templated":true}]}}