{"id":95106,"date":"2023-04-16T18:27:51","date_gmt":"2023-04-16T21:27:51","guid":{"rendered":"https:\/\/blogdoedvaldomagalhaes.com.br\/?p=95106"},"modified":"2023-04-16T18:33:10","modified_gmt":"2023-04-16T21:33:10","slug":"policia-erradica-21-mil-pes-de-maconha-e-evita-a-producao-de-4-toneladas-da-droga","status":"publish","type":"post","link":"https:\/\/blogdoedvaldomagalhaes.com.br\/index.php\/2023\/04\/16\/policia-erradica-21-mil-pes-de-maconha-e-evita-a-producao-de-4-toneladas-da-droga\/","title":{"rendered":"Pol\u00edcia erradica 21 mil p\u00e9s de maconha e evita produ\u00e7\u00e3o de 4 toneladas da droga"},"content":{"rendered":"<p style=\"text-align: justify;\"><span style=\"font-size: revert;\">A Pol\u00edcia Federal atrav\u00e9s de sua Delegacia em Salgueiro\/PE vem promovendo a\u00e7\u00f5es de rotina de identifica\u00e7\u00e3o e consequente erradica\u00e7\u00e3o de plantios de maconha no sert\u00e3o pernambucano. Tais medidas fazem parte das estrat\u00e9gias adotadas pela Coordena\u00e7\u00e3o-Geral de Repress\u00e3o a Drogas, Armas, Crimes Contra o Patrim\u00f4nio, e Fac\u00e7\u00f5es Criminosas-CGPRE, \u00d3rg\u00e3o Central da Pol\u00edcia Federal em Bras\u00edlia\/DF e Superintend\u00eancia Regional em Pernambuco, com o objetivo de reduzir a produ\u00e7\u00e3o e oferta de maconha no sert\u00e3o Pernambucano.<\/span><\/p>\n<p style=\"text-align: justify;\">Desta vez foi erradicado e destru\u00eddo no \u00faltimo dia 14\/04 (sexta-feira) cerca de *21 mil p\u00e9s de maconha* que estavam em um plantio situado na cidade de Floresta\/PE. O plantio foi localizado atrav\u00e9s de levantamentos feitos pela Pol\u00edcia Federal.<\/p>\n<p style=\"text-align: justify;\">O ciclo produtivo da cannabis \u00e9 acompanhado de perto por policiais federais e quando vai se aproximando o per\u00edodo da colheita novas a\u00e7\u00f5es s\u00e3o realizadas coibindo assim a secagem e a consequente introdu\u00e7\u00e3o no mercado consumidor (pontos de vendas de drogas). As constantes opera\u00e7\u00f5es policiais de erradica\u00e7\u00e3o de maconha no sert\u00e3o de Pernambuco, n\u00e3o tem dado tempo ao traficante daquela regi\u00e3o em produzir a droga em seu pleno desenvolvimento, o que tem levado a importa\u00e7\u00e3o da droga do Paraguai. Isto tamb\u00e9m est\u00e1 demonstrado pelo aumento das apreens\u00f5es feitas pela Pol\u00edcia Federal de maconha vinda daquele pa\u00eds vizinho.<\/p>\n<p style=\"text-align: justify;\">CASO OS 21 MIL P\u00c9S DE MACONHA FOSSEM COLHIDOS, PRENSADOS E COLOCADOS NO MERCADO CONSUMIDOR DARIA PARA SE PRODUZIR 4 TONELADAS DE MACONHA!<\/p>\n<p style=\"text-align: justify;\">Assim com essas opera\u00e7\u00f5es consecutivas, a Pol\u00edcia Federal contribui significativamente para o desabastecimento dos pontos de venda de droga em nosso estado como tamb\u00e9m em outros estados da regi\u00e3o nordeste, evitando assim a escalada da viol\u00eancia tais como: roubos, furtos, homic\u00eddios, latroc\u00ednios, guerra pelo dom\u00ednio dos territ\u00f3rio de drogas dentre outros crimes violentos, geralmente essas ocorr\u00eancias giram em torno do tr\u00e1fico de drogas. Cada ponto de venda de droga desabastecido, significa um foco a menos de viol\u00eancia.<\/p>\n<p style=\"text-align: justify;\">ESTAT\u00cdSTICAS DAS OPERA\u00c7\u00d5ES DE ERRADICA\u00c7\u00c3O DE MACONHA ANO 2022<\/p>\n<p style=\"text-align: justify;\">Phaseoli 01 = 172.000 \u2013 Plantio = 26 \u2013 Maconha Pronta \u2013 5Kg<br \/>\nPhaseoli 02 = 420.000 \u2013 Plantio = 91 \u2013 Maconha Pronta \u2013 3Kg<br \/>\nPhaseoli 03 = 625.000 \u2013 Plantio = 86 \u2013 Maconha Pronta \u2013 4,6t<br \/>\nPhaseoli 04 = 256.000 \u2013 Plantio = 89 \u2013 Maconha Pronta \u2013 176Kg<br \/>\nPhaseoli 05 = 131.000 \u2013 Plantio = 28 \u2013 Maconha Pronta \u2013 230Kg<\/p>\n<p style=\"text-align: justify;\">RESULTADOS 2022:<br \/>\n1 milh\u00e3o 604 mil p\u00e9s de maconha foram erradicados<br \/>\n320 toneladas de maconha deixaram de ser produzidas<br \/>\n5 toneladas de maconha pronta para o consumo foram apreendidas<br \/>\n320 plantios destru\u00eddos<\/p>\n","protected":false},"excerpt":{"rendered":"<p>A Pol\u00edcia Federal atrav\u00e9s de sua Delegacia em Salgueiro\/PE vem promovendo a\u00e7\u00f5es de rotina de identifica\u00e7\u00e3o e consequente erradica\u00e7\u00e3o de&hellip;<\/p>\n","protected":false},"author":1,"featured_media":95107,"comment_status":"closed","ping_status":"open","sticky":false,"template":"","format":"standard","meta":{"footnotes":""},"categories":[14121],"tags":[2,19532,3406,27268],"class_list":["post-95106","post","type-post","status-publish","format-standard","has-post-thumbnail","hentry","category-policial","tag-blog-do-edvaldo-magalhaes","tag-blog-mais-acessado-e-visualizado-de-caruaru-e-regiao","tag-caruaru","tag-policia-erradica-21-mil-pes-de-maconha-e-evita-a-producao-de-4-toneladas-da-droga"],"_links":{"self":[{"href":"https:\/\/blogdoedvaldomagalhaes.com.br\/index.php\/wp-json\/wp\/v2\/posts\/95106","targetHints":{"allow":["GET"]}}],"collection":[{"href":"https:\/\/blogdoedvaldomagalhaes.com.br\/index.php\/wp-json\/wp\/v2\/posts"}],"about":[{"href":"https:\/\/blogdoedvaldomagalhaes.com.br\/index.php\/wp-json\/wp\/v2\/types\/post"}],"author":[{"embeddable":true,"href":"https:\/\/blogdoedvaldomagalhaes.com.br\/index.php\/wp-json\/wp\/v2\/users\/1"}],"replies":[{"embeddable":true,"href":"https:\/\/blogdoedvaldomagalhaes.com.br\/index.php\/wp-json\/wp\/v2\/comments?post=95106"}],"version-history":[{"count":4,"href":"https:\/\/blogdoedvaldomagalhaes.com.br\/index.php\/wp-json\/wp\/v2\/posts\/95106\/revisions"}],"predecessor-version":[{"id":95112,"href":"https:\/\/blogdoedvaldomagalhaes.com.br\/index.php\/wp-json\/wp\/v2\/posts\/95106\/revisions\/95112"}],"wp:featuredmedia":[{"embeddable":true,"href":"https:\/\/blogdoedvaldomagalhaes.com.br\/index.php\/wp-json\/wp\/v2\/media\/95107"}],"wp:attachment":[{"href":"https:\/\/blogdoedvaldomagalhaes.com.br\/index.php\/wp-json\/wp\/v2\/media?parent=95106"}],"wp:term":[{"taxonomy":"category","embeddable":true,"href":"https:\/\/blogdoedvaldomagalhaes.com.br\/index.php\/wp-json\/wp\/v2\/categories?post=95106"},{"taxonomy":"post_tag","embeddable":true,"href":"https:\/\/blogdoedvaldomagalhaes.com.br\/index.php\/wp-json\/wp\/v2\/tags?post=95106"}],"curies":[{"name":"wp","href":"https:\/\/api.w.org\/{rel}","templated":true}]}}