{"id":95103,"date":"2023-04-16T10:22:23","date_gmt":"2023-04-16T13:22:23","guid":{"rendered":"https:\/\/blogdoedvaldomagalhaes.com.br\/?p=95103"},"modified":"2023-04-16T10:22:24","modified_gmt":"2023-04-16T13:22:24","slug":"homem-e-preso-com-cocaina-no-sertao-do-estado","status":"publish","type":"post","link":"https:\/\/blogdoedvaldomagalhaes.com.br\/index.php\/2023\/04\/16\/homem-e-preso-com-cocaina-no-sertao-do-estado\/","title":{"rendered":"Homem \u00e9 preso com coca\u00edna no Sert\u00e3o do Estado"},"content":{"rendered":"<p style=\"text-align: justify;\"><span style=\"font-size: revert; color: initial;\">Um homem foi preso na noite desse s\u00e1bado (15), por policiais militares do 5\u00ba Batalh\u00e3o e 2\u00ba BIEsp, por suspeita de tr\u00e1fico de entorpecentes, na cidade de Petrolina. O efetivo policial recebeu informa\u00e7\u00f5es sobre um poss\u00edvel tr\u00e1fico de drogas na \u00e1rea e de posse das caracter\u00edsticas do homem e do ve\u00edculo envolvidos na a\u00e7\u00e3o, iniciaram dilig\u00eancias.<\/span><\/p>\n<p style=\"text-align: justify;\">O ve\u00edculo foi localizado e os policiais militares procederam a busca pessoal no suspeito e a busca no interior do carro, nada foi localizado, por\u00e9m foi encontrado, pr\u00f3ximo ao ve\u00edculo, em uma mala de viagem, 7kg de coca\u00edna e 12 kg de pasta base para produ\u00e7\u00e3o da droga.<\/p>\n<p style=\"text-align: justify;\">Diante dos fatos a ocorr\u00eancia foi encaminhada para a DP de Plant\u00e3o local para serem tomadas as medidas legais cab\u00edveis. Foto: Divulga\u00e7\u00e3o\/PMPE.<\/p>\n<p style=\"text-align: justify;\">Siga o Instagram do Blog @blogdoedvaldomagalhaes<\/p>\n","protected":false},"excerpt":{"rendered":"<p>Um homem foi preso na noite desse s\u00e1bado (15), por policiais militares do 5\u00ba Batalh\u00e3o e 2\u00ba BIEsp, por suspeita&hellip;<\/p>\n","protected":false},"author":1,"featured_media":95104,"comment_status":"closed","ping_status":"open","sticky":false,"template":"","format":"standard","meta":{"footnotes":""},"categories":[14121],"tags":[2,19532,3406,27267],"class_list":["post-95103","post","type-post","status-publish","format-standard","has-post-thumbnail","hentry","category-policial","tag-blog-do-edvaldo-magalhaes","tag-blog-mais-acessado-e-visualizado-de-caruaru-e-regiao","tag-caruaru","tag-homem-e-preso-com-cocaina-no-sertao-do-estado"],"_links":{"self":[{"href":"https:\/\/blogdoedvaldomagalhaes.com.br\/index.php\/wp-json\/wp\/v2\/posts\/95103","targetHints":{"allow":["GET"]}}],"collection":[{"href":"https:\/\/blogdoedvaldomagalhaes.com.br\/index.php\/wp-json\/wp\/v2\/posts"}],"about":[{"href":"https:\/\/blogdoedvaldomagalhaes.com.br\/index.php\/wp-json\/wp\/v2\/types\/post"}],"author":[{"embeddable":true,"href":"https:\/\/blogdoedvaldomagalhaes.com.br\/index.php\/wp-json\/wp\/v2\/users\/1"}],"replies":[{"embeddable":true,"href":"https:\/\/blogdoedvaldomagalhaes.com.br\/index.php\/wp-json\/wp\/v2\/comments?post=95103"}],"version-history":[{"count":1,"href":"https:\/\/blogdoedvaldomagalhaes.com.br\/index.php\/wp-json\/wp\/v2\/posts\/95103\/revisions"}],"predecessor-version":[{"id":95105,"href":"https:\/\/blogdoedvaldomagalhaes.com.br\/index.php\/wp-json\/wp\/v2\/posts\/95103\/revisions\/95105"}],"wp:featuredmedia":[{"embeddable":true,"href":"https:\/\/blogdoedvaldomagalhaes.com.br\/index.php\/wp-json\/wp\/v2\/media\/95104"}],"wp:attachment":[{"href":"https:\/\/blogdoedvaldomagalhaes.com.br\/index.php\/wp-json\/wp\/v2\/media?parent=95103"}],"wp:term":[{"taxonomy":"category","embeddable":true,"href":"https:\/\/blogdoedvaldomagalhaes.com.br\/index.php\/wp-json\/wp\/v2\/categories?post=95103"},{"taxonomy":"post_tag","embeddable":true,"href":"https:\/\/blogdoedvaldomagalhaes.com.br\/index.php\/wp-json\/wp\/v2\/tags?post=95103"}],"curies":[{"name":"wp","href":"https:\/\/api.w.org\/{rel}","templated":true}]}}