{"id":95094,"date":"2023-04-15T18:51:20","date_gmt":"2023-04-15T21:51:20","guid":{"rendered":"https:\/\/blogdoedvaldomagalhaes.com.br\/?p=95094"},"modified":"2023-04-15T18:53:39","modified_gmt":"2023-04-15T21:53:39","slug":"medalha-de-honra-ao-merito-e-concedida-a-jornalista-risoni-santos-propositura-do-vereador-irmao-ronaldo","status":"publish","type":"post","link":"https:\/\/blogdoedvaldomagalhaes.com.br\/index.php\/2023\/04\/15\/medalha-de-honra-ao-merito-e-concedida-a-jornalista-risoni-santos-propositura-do-vereador-irmao-ronaldo\/","title":{"rendered":"Medalha de Honra ao M\u00e9rito \u00e9 concedida \u00e0 jornalista Rison\u00ed Santos, propositura do vereador Irm\u00e3o Ronaldo"},"content":{"rendered":"<p style=\"text-align: justify;\">A C\u00e2mara Municipal de Caruaru realizou na noite da sexta-feira (14) a Sess\u00e3o Solene de entrega da Medalha \u201cJornalista Jos\u00e9 Carlos Flor\u00eancio&#8221; \u00e0 Superintendente de Comunica\u00e7\u00e3o da Casa e aniversariante do dia, Risoni Santos. A solenidade atendeu a propositura apresentada pelo vereador Irm\u00e3o Ronaldo (PROS), em agradecimento pelo trabalho prestado pela profissional ao Poder Legislativo e toda comunica\u00e7\u00e3o do munic\u00edpio. O momento reuniu membros da Prefeitura de Caruaru e do Governo de Pernambuco, al\u00e9m de parlamentares, amigos e familiares, que somaram homenagens e felicita\u00e7\u00f5es \u00e0 jornalista caruaruense.<\/p>\n<p style=\"text-align: justify;\">O propositor, Irm\u00e3o Ronaldo, citou os 30 anos de servi\u00e7o prestado por Risoni, entre eles, 24 dedicados ao r\u00e1dio. O Secret\u00e1rio de Governo de Caruaru, Lino Portela, comentou sobre o exemplar trabalho prestado pela homenageada. \u201cPelo seu compromisso com a verdade, Risoni \u00e9 uma das profissionais que o jornalismo de Caruaru deve se espelhar\u201d, afirmou Portela. O Secret\u00e1rio leu mensagem enviada pelo Prefeito Rodrigo Pinheiro, na qual enfatizou a admira\u00e7\u00e3o e o carinho que tem pela jornalista.<\/p>\n<p style=\"text-align: justify;\">O filho de Risoni, Caio Lucca, subiu ao p\u00falpito para dedicar belas e emocionadas palavras \u00e0 m\u00e3e. \u201cH\u00e1 30 anos ela trabalha como jornalista e h\u00e1 16 tamb\u00e9m se dedica como m\u00e3e, e posso afirmar que tudo o que ela faz \u00e9 com muita excel\u00eancia\u201d, comentou Caio. O Secret\u00e1rio de Agricultura Familiar e Pesca de Pernambuco, que \u00e9 sobrinho da homenageada, tamb\u00e9m representou a governadora, Raquel Lyra, no evento.&nbsp;Fran\u00e7a agradeceu o carinho de m\u00e3e e a parabenizou pelo exemplo de profissional. Bruno Lambreta (PSDB) tamb\u00e9m reservou um momento para agradecer pelo trabalho prestado e por supervisionar com aptid\u00e3o todo o setor de comunica\u00e7\u00e3o da Casa.<\/p>\n<p style=\"text-align: justify;\">Extremamente comovida, Risoni fez seu discurso agradecendo a presen\u00e7a de todos na solenidade. Relembrou seu in\u00edcio de carreira na \u00e1rea pol\u00edtica com o guia eleitoral do ex-vereador Lambreta (em mem\u00f3ria), pai de Bruno Lambreta. No discurso tamb\u00e9m citou suas passagens em programas de r\u00e1dio e TVs do munic\u00edpio, do estado e do pa\u00eds.<\/p>\n\n\n<figure class=\"wp-block-image size-full\"><img loading=\"lazy\" decoding=\"async\" width=\"1024\" height=\"720\" src=\"https:\/\/blogdoedvaldomagalhaes.com.br\/wp-content\/uploads\/2023\/04\/WhatsApp-Image-2023-04-15-at-10.16.28.jpeg\" alt=\"\" class=\"wp-image-95098\" srcset=\"https:\/\/blogdoedvaldomagalhaes.com.br\/wp-content\/uploads\/2023\/04\/WhatsApp-Image-2023-04-15-at-10.16.28.jpeg 1024w, https:\/\/blogdoedvaldomagalhaes.com.br\/wp-content\/uploads\/2023\/04\/WhatsApp-Image-2023-04-15-at-10.16.28-300x211.jpeg 300w, https:\/\/blogdoedvaldomagalhaes.com.br\/wp-content\/uploads\/2023\/04\/WhatsApp-Image-2023-04-15-at-10.16.28-768x540.jpeg 768w\" sizes=\"auto, (max-width: 1024px) 100vw, 1024px\" \/><figcaption class=\"wp-element-caption\">Fotos: Vladimir Barreto <\/figcaption><\/figure>\n","protected":false},"excerpt":{"rendered":"<p>A C\u00e2mara Municipal de Caruaru realizou na noite da sexta-feira (14) a Sess\u00e3o Solene de entrega da Medalha \u201cJornalista Jos\u00e9&hellip;<\/p>\n","protected":false},"author":1,"featured_media":95096,"comment_status":"closed","ping_status":"open","sticky":false,"template":"","format":"standard","meta":{"footnotes":""},"categories":[14122],"tags":[2,19532,3406,27266],"class_list":["post-95094","post","type-post","status-publish","format-standard","has-post-thumbnail","hentry","category-politica","tag-blog-do-edvaldo-magalhaes","tag-blog-mais-acessado-e-visualizado-de-caruaru-e-regiao","tag-caruaru","tag-medalha-de-honra-ao-merito-e-concedida-a-jornalista-risoni-santos-propositura-do-vereador-irmao-ronaldo"],"_links":{"self":[{"href":"https:\/\/blogdoedvaldomagalhaes.com.br\/index.php\/wp-json\/wp\/v2\/posts\/95094","targetHints":{"allow":["GET"]}}],"collection":[{"href":"https:\/\/blogdoedvaldomagalhaes.com.br\/index.php\/wp-json\/wp\/v2\/posts"}],"about":[{"href":"https:\/\/blogdoedvaldomagalhaes.com.br\/index.php\/wp-json\/wp\/v2\/types\/post"}],"author":[{"embeddable":true,"href":"https:\/\/blogdoedvaldomagalhaes.com.br\/index.php\/wp-json\/wp\/v2\/users\/1"}],"replies":[{"embeddable":true,"href":"https:\/\/blogdoedvaldomagalhaes.com.br\/index.php\/wp-json\/wp\/v2\/comments?post=95094"}],"version-history":[{"count":2,"href":"https:\/\/blogdoedvaldomagalhaes.com.br\/index.php\/wp-json\/wp\/v2\/posts\/95094\/revisions"}],"predecessor-version":[{"id":95099,"href":"https:\/\/blogdoedvaldomagalhaes.com.br\/index.php\/wp-json\/wp\/v2\/posts\/95094\/revisions\/95099"}],"wp:featuredmedia":[{"embeddable":true,"href":"https:\/\/blogdoedvaldomagalhaes.com.br\/index.php\/wp-json\/wp\/v2\/media\/95096"}],"wp:attachment":[{"href":"https:\/\/blogdoedvaldomagalhaes.com.br\/index.php\/wp-json\/wp\/v2\/media?parent=95094"}],"wp:term":[{"taxonomy":"category","embeddable":true,"href":"https:\/\/blogdoedvaldomagalhaes.com.br\/index.php\/wp-json\/wp\/v2\/categories?post=95094"},{"taxonomy":"post_tag","embeddable":true,"href":"https:\/\/blogdoedvaldomagalhaes.com.br\/index.php\/wp-json\/wp\/v2\/tags?post=95094"}],"curies":[{"name":"wp","href":"https:\/\/api.w.org\/{rel}","templated":true}]}}