{"id":95091,"date":"2023-04-15T10:55:14","date_gmt":"2023-04-15T13:55:14","guid":{"rendered":"https:\/\/blogdoedvaldomagalhaes.com.br\/?p=95091"},"modified":"2023-04-15T10:55:15","modified_gmt":"2023-04-15T13:55:15","slug":"anderson-correia-promove-caominhada-abril-laranja-neste-domingo-16-em-caruaru","status":"publish","type":"post","link":"https:\/\/blogdoedvaldomagalhaes.com.br\/index.php\/2023\/04\/15\/anderson-correia-promove-caominhada-abril-laranja-neste-domingo-16-em-caruaru\/","title":{"rendered":"Anderson Correia promove \u201cC\u00e3ominhada Abril Laranja\u201d neste domingo (16), em Caruaru\u201d"},"content":{"rendered":"<p style=\"text-align: justify;\"><span style=\"font-size: revert;\">Com o objetivo de conscientizar as pessoas a combater a crueldade contra os animais, o vereador Anderson Correia (PP) promove, neste domingo (16), \u00e0s 16h, a \u201cC\u00e3ominhada Abril Laranja\u201d, na Pra\u00e7a da Unique, no bairro Universit\u00e1rio &#8211; por tr\u00e1s do campus II da Asces Unita. O local disp\u00f5e de um Parc\u00e3o, que \u00e9 um espa\u00e7o planejado para as fam\u00edlias curtirem seus pets, deixando-os correr e brincar \u00e0 vontade, com a garantia de muita divers\u00e3o.<\/span><\/p>\n<p style=\"text-align: justify;\">Esta \u00e9 a segunda edi\u00e7\u00e3o do evento, onde todos os animais ser\u00e3o presenteados com bandanas alusivas \u00e0 campanha Abril Laranja, al\u00e9m de vacina\u00e7\u00e3o antirr\u00e1bica, mesa de frutas, entre outras din\u00e2micas. Ser\u00e1 um momento de muita anima\u00e7\u00e3o e conscientiza\u00e7\u00e3o, algo que \u00e9 muito ressaltado pelo parlamentar, que \u00e9 advogado animalista e refer\u00eancia nesta pauta pelos direitos dos animais.<\/p>\n<p style=\"text-align: justify;\">\u201cA C\u00e3ominhada \u00e9 um evento de sucesso pois conta com gente do bem, com tutores, protetores e representantes de institui\u00e7\u00f5es ligadas \u00e0 causa animal, presentes com seus pets, onde juntos, manifestamos a luta contra a pr\u00e1tica de atos cru\u00e9is contra os animais. Por isso, convidamos todas as fam\u00edlias caruauenses que tragam seus filhos de quatro patas e venham abrilhantar a segunda edi\u00e7\u00e3o deste evento maravilhoso\u201d, destacou Anderson.<\/p>\n<p>\u00a0Siga o Instagram do Blog @blogdoedvaldomagalhaes<\/p>\n","protected":false},"excerpt":{"rendered":"<p>Com o objetivo de conscientizar as pessoas a combater a crueldade contra os animais, o vereador Anderson Correia (PP) promove,&hellip;<\/p>\n","protected":false},"author":1,"featured_media":95092,"comment_status":"closed","ping_status":"open","sticky":false,"template":"","format":"standard","meta":{"footnotes":""},"categories":[14120],"tags":[27265,2,19532,3406],"class_list":["post-95091","post","type-post","status-publish","format-standard","has-post-thumbnail","hentry","category-noticias","tag-anderson-correia-promove-caominhada-abril-laranja-neste-domingo-16-em-caruaru","tag-blog-do-edvaldo-magalhaes","tag-blog-mais-acessado-e-visualizado-de-caruaru-e-regiao","tag-caruaru"],"_links":{"self":[{"href":"https:\/\/blogdoedvaldomagalhaes.com.br\/index.php\/wp-json\/wp\/v2\/posts\/95091","targetHints":{"allow":["GET"]}}],"collection":[{"href":"https:\/\/blogdoedvaldomagalhaes.com.br\/index.php\/wp-json\/wp\/v2\/posts"}],"about":[{"href":"https:\/\/blogdoedvaldomagalhaes.com.br\/index.php\/wp-json\/wp\/v2\/types\/post"}],"author":[{"embeddable":true,"href":"https:\/\/blogdoedvaldomagalhaes.com.br\/index.php\/wp-json\/wp\/v2\/users\/1"}],"replies":[{"embeddable":true,"href":"https:\/\/blogdoedvaldomagalhaes.com.br\/index.php\/wp-json\/wp\/v2\/comments?post=95091"}],"version-history":[{"count":1,"href":"https:\/\/blogdoedvaldomagalhaes.com.br\/index.php\/wp-json\/wp\/v2\/posts\/95091\/revisions"}],"predecessor-version":[{"id":95093,"href":"https:\/\/blogdoedvaldomagalhaes.com.br\/index.php\/wp-json\/wp\/v2\/posts\/95091\/revisions\/95093"}],"wp:featuredmedia":[{"embeddable":true,"href":"https:\/\/blogdoedvaldomagalhaes.com.br\/index.php\/wp-json\/wp\/v2\/media\/95092"}],"wp:attachment":[{"href":"https:\/\/blogdoedvaldomagalhaes.com.br\/index.php\/wp-json\/wp\/v2\/media?parent=95091"}],"wp:term":[{"taxonomy":"category","embeddable":true,"href":"https:\/\/blogdoedvaldomagalhaes.com.br\/index.php\/wp-json\/wp\/v2\/categories?post=95091"},{"taxonomy":"post_tag","embeddable":true,"href":"https:\/\/blogdoedvaldomagalhaes.com.br\/index.php\/wp-json\/wp\/v2\/tags?post=95091"}],"curies":[{"name":"wp","href":"https:\/\/api.w.org\/{rel}","templated":true}]}}