{"id":95079,"date":"2023-04-15T09:39:33","date_gmt":"2023-04-15T12:39:33","guid":{"rendered":"https:\/\/blogdoedvaldomagalhaes.com.br\/?p=95079"},"modified":"2023-04-15T21:20:43","modified_gmt":"2023-04-16T00:20:43","slug":"morre-cirurgiao-dentista-e-ex-diretor-do-hospital-sao-sebastiao-zenaldo-ferro","status":"publish","type":"post","link":"https:\/\/blogdoedvaldomagalhaes.com.br\/index.php\/2023\/04\/15\/morre-cirurgiao-dentista-e-ex-diretor-do-hospital-sao-sebastiao-zenaldo-ferro\/","title":{"rendered":"Morre cirurgi\u00e3o-dentista e ex-diretor do Hospital S\u00e3o Sebasti\u00e3o, Zenaldo Ferro"},"content":{"rendered":"<p style=\"text-align: justify;\">Faleceu na manh\u00e3 deste s\u00e1bado (15), o cirurgi\u00e3o-dentista ex-diretor do Hospital S\u00e3o Sebasti\u00e3o de Caruaru, Zenaldo Ferro, aos 80 anos de idade. Ele estava internado no Hospital Santa Efig\u00eania, e a causa morte ainda n\u00e3o foi divulgada. O vel\u00f3rio ocorre neste momento no Cemit\u00e9rio Parque dos Arcos, e o sepultamento ser\u00e1 no Cemit\u00e9rio Dom Bosco, \u00e0s 16h, deste s\u00e1bado (15).<\/p>\n<p style=\"text-align: justify;\">Dr Zenaldo era membro do Grupo Santa Tereza D&#8217;\u00c1vila, e deixa vi\u00fava Hermelinda (Bilinda), al\u00e9m de filhos, e netos.<\/p>\n<p style=\"text-align: justify;\"><strong>Nota de pesar do prefeito Rodrigo Pinheiro.<\/strong><\/p>\n<p style=\"text-align: justify;\">Foi com profundo pesar que recebi a not\u00edcia do falecimento de Dr Zenaldo Ferro, que dedicou anos de servi\u00e7os na nossa cidade como cirurgi\u00e3o dentista e ex diretor do Hospital S\u00e3o Sebasti\u00e3o aqui em Caruaru.<\/p>\n<p style=\"text-align: justify;\">Neste momento de dor, presto minhas condol\u00eancias e os meus sentimentos a todos os familiares e amigos.<\/p>\n<p style=\"text-align: justify;\">_Rodrigo Pinheiro_<\/p>\n\n","protected":false},"excerpt":{"rendered":"<p>Faleceu na manh\u00e3 deste s\u00e1bado (15), o cirurgi\u00e3o-dentista ex-diretor do Hospital S\u00e3o Sebasti\u00e3o de Caruaru, Zenaldo Ferro, aos 80 anos&hellip;<\/p>\n","protected":false},"author":1,"featured_media":95080,"comment_status":"closed","ping_status":"open","sticky":false,"template":"","format":"standard","meta":{"footnotes":""},"categories":[14120],"tags":[2,19532,3406,27264],"class_list":["post-95079","post","type-post","status-publish","format-standard","has-post-thumbnail","hentry","category-noticias","tag-blog-do-edvaldo-magalhaes","tag-blog-mais-acessado-e-visualizado-de-caruaru-e-regiao","tag-caruaru","tag-morre-cirurgiao-dentista-e-ex-diretor-do-hospital-sao-sebastiao-zenaldo-ferro"],"_links":{"self":[{"href":"https:\/\/blogdoedvaldomagalhaes.com.br\/index.php\/wp-json\/wp\/v2\/posts\/95079","targetHints":{"allow":["GET"]}}],"collection":[{"href":"https:\/\/blogdoedvaldomagalhaes.com.br\/index.php\/wp-json\/wp\/v2\/posts"}],"about":[{"href":"https:\/\/blogdoedvaldomagalhaes.com.br\/index.php\/wp-json\/wp\/v2\/types\/post"}],"author":[{"embeddable":true,"href":"https:\/\/blogdoedvaldomagalhaes.com.br\/index.php\/wp-json\/wp\/v2\/users\/1"}],"replies":[{"embeddable":true,"href":"https:\/\/blogdoedvaldomagalhaes.com.br\/index.php\/wp-json\/wp\/v2\/comments?post=95079"}],"version-history":[{"count":8,"href":"https:\/\/blogdoedvaldomagalhaes.com.br\/index.php\/wp-json\/wp\/v2\/posts\/95079\/revisions"}],"predecessor-version":[{"id":95102,"href":"https:\/\/blogdoedvaldomagalhaes.com.br\/index.php\/wp-json\/wp\/v2\/posts\/95079\/revisions\/95102"}],"wp:featuredmedia":[{"embeddable":true,"href":"https:\/\/blogdoedvaldomagalhaes.com.br\/index.php\/wp-json\/wp\/v2\/media\/95080"}],"wp:attachment":[{"href":"https:\/\/blogdoedvaldomagalhaes.com.br\/index.php\/wp-json\/wp\/v2\/media?parent=95079"}],"wp:term":[{"taxonomy":"category","embeddable":true,"href":"https:\/\/blogdoedvaldomagalhaes.com.br\/index.php\/wp-json\/wp\/v2\/categories?post=95079"},{"taxonomy":"post_tag","embeddable":true,"href":"https:\/\/blogdoedvaldomagalhaes.com.br\/index.php\/wp-json\/wp\/v2\/tags?post=95079"}],"curies":[{"name":"wp","href":"https:\/\/api.w.org\/{rel}","templated":true}]}}