{"id":95072,"date":"2023-04-14T18:32:26","date_gmt":"2023-04-14T21:32:26","guid":{"rendered":"https:\/\/blogdoedvaldomagalhaes.com.br\/?p=95072"},"modified":"2023-04-14T18:32:27","modified_gmt":"2023-04-14T21:32:27","slug":"escolas-podem-intensificar-medidas-restritivas-para-combater-violencia","status":"publish","type":"post","link":"https:\/\/blogdoedvaldomagalhaes.com.br\/index.php\/2023\/04\/14\/escolas-podem-intensificar-medidas-restritivas-para-combater-violencia\/","title":{"rendered":"Escolas podem intensificar medidas restritivas para combater viol\u00eancia"},"content":{"rendered":"<p style=\"text-align: justify;\"><span style=\"color: initial; font-size: revert;\">Ap\u00f3s registro de ataques em escolas em outros estados, Pernambuco acendeu o alerta e aumentou as medidas restritivas e a\u00e7\u00f5es de combate a viol\u00eancia no ambiente escolar. No Estado, n\u00e3o houve nenhuma a\u00e7\u00e3o concreta registrada, apenas amea\u00e7as. O mesmo se aplica as institui\u00e7\u00f5es particulares. E segundo o advogado especialista em direito educacional, Luiz T\u00f4rres Neto, medidas restritivas podem ser tomadas, mas o di\u00e1logo deve ser a principal ferramenta de combate a a\u00e7\u00f5es deste tipo. \u201cAs medidas de restri\u00e7\u00e3o sempre foram tomadas, medidas mais acentuadas come\u00e7aram a acontecer a partir do que foi registrado em outros estados. As escolas podem a partir de agora, tomar medidas como realimento das restri\u00e7\u00f5es com os profissionais respons\u00e1veis pela entrada de pessoas a institui\u00e7\u00e3o de ensino, como porteiros, pode acontecer um refor\u00e7o a mais na tecnologia de seguran\u00e7a utilizada pela institui\u00e7\u00e3o, mas acima de tudo, deve haver um di\u00e1logo muito pr\u00f3ximo e transparente entre a escola e a fam\u00edlia\u201d, destacou.<\/span><\/p>\n<p style=\"text-align: justify;\">O especialista ainda complementa, que apesar da grande responsabilidade da escola para prover a seguran\u00e7a do estudante, tamb\u00e9m h\u00e1 a responsabilidade de toda a comunidade escolar, sobretudo dos pais, em saber como se comporta o estudante e o que \u00e9 levado por ele para a institui\u00e7\u00e3o.<\/p>\n<p style=\"text-align: justify;\">Luiz tamb\u00e9m destaca que, dentro da excepcionalidade do momento, medidas como revista para os estudantes, podem ser aplicadas pelas institui\u00e7\u00f5es de ensino. \u201cNada impede que a institui\u00e7\u00e3o, por exemplo, dentro da sua autonomia, adquira um detector de metais. Mas caso essa decis\u00e3o seja tomada, os pais ou respons\u00e1veis devem ser comunicados com anteced\u00eancia. E esses respons\u00e1veis devem assinar uma autoriza\u00e7\u00e3o formal para a medida. Ressalto, no entanto, que a revista manual s\u00f3 deve ser feita caso a escola n\u00e3o tenha detector de metais, que seria o objeto mais adequado a ser adquirido. Sempre dentro dessa situa\u00e7\u00e3o de excepcionalidade, primando sempre o interesse coletivo, o pela sa\u00fade e seguran\u00e7a de todos que fazem parte daquela comunidade\u201d, concluiu.<\/p>\n<p style=\"text-align: justify;\">Lembrando que no estado de Pernambuco, a Secretaria de Defesa Social disponibilizou o n\u00famero 197 para que emerg\u00eancias escolares sejam denunciadas e a partir da\u00ed possam ser investigadas. O n\u00famero \u00e9 v\u00e1lido tanto para o setor p\u00fablico quanto privado. Foto: Reprodu\u00e7\u00e3o\/Adobe Stock.<\/p>\n<p style=\"text-align: justify;\">Siga o Instagram do Blog @blogdoedvaldomagalhaes<\/p>\n","protected":false},"excerpt":{"rendered":"<p>Ap\u00f3s registro de ataques em escolas em outros estados, Pernambuco acendeu o alerta e aumentou as medidas restritivas e a\u00e7\u00f5es&hellip;<\/p>\n","protected":false},"author":1,"featured_media":95073,"comment_status":"closed","ping_status":"open","sticky":false,"template":"","format":"standard","meta":{"footnotes":""},"categories":[14120],"tags":[2,19532,3406,27262],"class_list":["post-95072","post","type-post","status-publish","format-standard","has-post-thumbnail","hentry","category-noticias","tag-blog-do-edvaldo-magalhaes","tag-blog-mais-acessado-e-visualizado-de-caruaru-e-regiao","tag-caruaru","tag-escolas-podem-intensificar-medidas-restritivas-para-combater-violencia"],"_links":{"self":[{"href":"https:\/\/blogdoedvaldomagalhaes.com.br\/index.php\/wp-json\/wp\/v2\/posts\/95072","targetHints":{"allow":["GET"]}}],"collection":[{"href":"https:\/\/blogdoedvaldomagalhaes.com.br\/index.php\/wp-json\/wp\/v2\/posts"}],"about":[{"href":"https:\/\/blogdoedvaldomagalhaes.com.br\/index.php\/wp-json\/wp\/v2\/types\/post"}],"author":[{"embeddable":true,"href":"https:\/\/blogdoedvaldomagalhaes.com.br\/index.php\/wp-json\/wp\/v2\/users\/1"}],"replies":[{"embeddable":true,"href":"https:\/\/blogdoedvaldomagalhaes.com.br\/index.php\/wp-json\/wp\/v2\/comments?post=95072"}],"version-history":[{"count":1,"href":"https:\/\/blogdoedvaldomagalhaes.com.br\/index.php\/wp-json\/wp\/v2\/posts\/95072\/revisions"}],"predecessor-version":[{"id":95074,"href":"https:\/\/blogdoedvaldomagalhaes.com.br\/index.php\/wp-json\/wp\/v2\/posts\/95072\/revisions\/95074"}],"wp:featuredmedia":[{"embeddable":true,"href":"https:\/\/blogdoedvaldomagalhaes.com.br\/index.php\/wp-json\/wp\/v2\/media\/95073"}],"wp:attachment":[{"href":"https:\/\/blogdoedvaldomagalhaes.com.br\/index.php\/wp-json\/wp\/v2\/media?parent=95072"}],"wp:term":[{"taxonomy":"category","embeddable":true,"href":"https:\/\/blogdoedvaldomagalhaes.com.br\/index.php\/wp-json\/wp\/v2\/categories?post=95072"},{"taxonomy":"post_tag","embeddable":true,"href":"https:\/\/blogdoedvaldomagalhaes.com.br\/index.php\/wp-json\/wp\/v2\/tags?post=95072"}],"curies":[{"name":"wp","href":"https:\/\/api.w.org\/{rel}","templated":true}]}}