{"id":95066,"date":"2023-04-14T18:09:54","date_gmt":"2023-04-14T21:09:54","guid":{"rendered":"https:\/\/blogdoedvaldomagalhaes.com.br\/?p=95066"},"modified":"2023-04-14T18:09:55","modified_gmt":"2023-04-14T21:09:55","slug":"quatro-pessoas-sao-presas-com-um-veiculo-roubado-e-duas-pistolas","status":"publish","type":"post","link":"https:\/\/blogdoedvaldomagalhaes.com.br\/index.php\/2023\/04\/14\/quatro-pessoas-sao-presas-com-um-veiculo-roubado-e-duas-pistolas\/","title":{"rendered":"Quatro pessoas s\u00e3o presas com um ve\u00edculo roubado e duas pistolas"},"content":{"rendered":"<p style=\"text-align: justify;\"><span style=\"font-size: revert; color: initial;\">Nesta sexta(14), policiais militares do Batalh\u00e3o de Guarda da PMPE avistaram um ve\u00edculo Logan com quatro indiv\u00edduos suspeitos enquanto passavam pela Avenida Abdias de Carvalho, no bairro de San Martin. Ao tentar abord\u00e1-los, o motorista empreendeu fuga. A pol\u00edcia perseguiu o ve\u00edculo at\u00e9 a Rua Jardim do Forte, no bairro de Torr\u00f5es, onde o motorista perdeu o controle do carro e bateu em um poste. Todos os ocupantes do ve\u00edculo sa\u00edram do autom\u00f3vel, dois deles se renderam, enquanto os outros dois tentaram fugir disparando suas armas contra a equipe policial, que revidou. Durante a troca de tiros, um dos suspeitos foi atingido na perna e tentou se desfazer de uma pistola .40 quando os policiais se aproximaram. O outro suspeito, ao tentar fugir, tamb\u00e9m tentou se desfazer de uma pistola 9MM, mas acabou detido. O indiv\u00edduo ferido foi socorrido e recebeu os primeiros cuidados m\u00e9dicos na UPA dos Torr\u00f5es, antes de ser transferido para o Hospital Get\u00falio Vargas. Foi constatado que o ve\u00edculo recuperado possu\u00eda placa de outro carro roubado da mesma marca e modelo. Os envolvidos e o material il\u00edcito foram conduzidos para o DHPP para as devidas provid\u00eancias legais. Foto: Divulga\u00e7\u00e3o\/PMPE.<\/span><\/p>\n<p style=\"text-align: justify;\">Siga o Instagram do Blog @blogdoedvaldomagalhaes<\/p>\n\n\n<figure class=\"wp-block-image size-full\"><img loading=\"lazy\" decoding=\"async\" width=\"443\" height=\"439\" src=\"https:\/\/blogdoedvaldomagalhaes.com.br\/wp-content\/uploads\/2023\/04\/IMG-20230414-WA0077.jpg\" alt=\"\" class=\"wp-image-95067\" srcset=\"https:\/\/blogdoedvaldomagalhaes.com.br\/wp-content\/uploads\/2023\/04\/IMG-20230414-WA0077.jpg 443w, https:\/\/blogdoedvaldomagalhaes.com.br\/wp-content\/uploads\/2023\/04\/IMG-20230414-WA0077-300x297.jpg 300w, https:\/\/blogdoedvaldomagalhaes.com.br\/wp-content\/uploads\/2023\/04\/IMG-20230414-WA0077-150x150.jpg 150w\" sizes=\"auto, (max-width: 443px) 100vw, 443px\" \/><figcaption class=\"wp-element-caption\">Foto: Divulga\u00e7\u00e3o\/PMPE<\/figcaption><\/figure>\n","protected":false},"excerpt":{"rendered":"<p>Nesta sexta(14), policiais militares do Batalh\u00e3o de Guarda da PMPE avistaram um ve\u00edculo Logan com quatro indiv\u00edduos suspeitos enquanto passavam&hellip;<\/p>\n","protected":false},"author":1,"featured_media":95068,"comment_status":"closed","ping_status":"open","sticky":false,"template":"","format":"standard","meta":{"footnotes":""},"categories":[14120],"tags":[2,19532,3406,27261],"class_list":["post-95066","post","type-post","status-publish","format-standard","has-post-thumbnail","hentry","category-noticias","tag-blog-do-edvaldo-magalhaes","tag-blog-mais-acessado-e-visualizado-de-caruaru-e-regiao","tag-caruaru","tag-quatro-pessoas-sao-presas-com-um-veiculo-roubado-e-duas-pistolas"],"_links":{"self":[{"href":"https:\/\/blogdoedvaldomagalhaes.com.br\/index.php\/wp-json\/wp\/v2\/posts\/95066","targetHints":{"allow":["GET"]}}],"collection":[{"href":"https:\/\/blogdoedvaldomagalhaes.com.br\/index.php\/wp-json\/wp\/v2\/posts"}],"about":[{"href":"https:\/\/blogdoedvaldomagalhaes.com.br\/index.php\/wp-json\/wp\/v2\/types\/post"}],"author":[{"embeddable":true,"href":"https:\/\/blogdoedvaldomagalhaes.com.br\/index.php\/wp-json\/wp\/v2\/users\/1"}],"replies":[{"embeddable":true,"href":"https:\/\/blogdoedvaldomagalhaes.com.br\/index.php\/wp-json\/wp\/v2\/comments?post=95066"}],"version-history":[{"count":1,"href":"https:\/\/blogdoedvaldomagalhaes.com.br\/index.php\/wp-json\/wp\/v2\/posts\/95066\/revisions"}],"predecessor-version":[{"id":95069,"href":"https:\/\/blogdoedvaldomagalhaes.com.br\/index.php\/wp-json\/wp\/v2\/posts\/95066\/revisions\/95069"}],"wp:featuredmedia":[{"embeddable":true,"href":"https:\/\/blogdoedvaldomagalhaes.com.br\/index.php\/wp-json\/wp\/v2\/media\/95068"}],"wp:attachment":[{"href":"https:\/\/blogdoedvaldomagalhaes.com.br\/index.php\/wp-json\/wp\/v2\/media?parent=95066"}],"wp:term":[{"taxonomy":"category","embeddable":true,"href":"https:\/\/blogdoedvaldomagalhaes.com.br\/index.php\/wp-json\/wp\/v2\/categories?post=95066"},{"taxonomy":"post_tag","embeddable":true,"href":"https:\/\/blogdoedvaldomagalhaes.com.br\/index.php\/wp-json\/wp\/v2\/tags?post=95066"}],"curies":[{"name":"wp","href":"https:\/\/api.w.org\/{rel}","templated":true}]}}