{"id":95063,"date":"2023-04-14T15:02:29","date_gmt":"2023-04-14T18:02:29","guid":{"rendered":"https:\/\/blogdoedvaldomagalhaes.com.br\/?p=95063"},"modified":"2023-04-14T15:02:31","modified_gmt":"2023-04-14T18:02:31","slug":"anderson-correia-comemora-projetos-de-sua-autoria-que-vao-se-tornar-lei-reducao-do-itbi-e-dia-do-icia","status":"publish","type":"post","link":"https:\/\/blogdoedvaldomagalhaes.com.br\/index.php\/2023\/04\/14\/anderson-correia-comemora-projetos-de-sua-autoria-que-vao-se-tornar-lei-reducao-do-itbi-e-dia-do-icia\/","title":{"rendered":"Anderson Correia comemora projetos de sua autoria que v\u00e3o se tornar lei: redu\u00e7\u00e3o do ITBI e Dia do ICIA"},"content":{"rendered":"<p style=\"text-align: justify;\"><span style=\"color: initial; font-size: revert;\">O vereador Anderson Correia (PP) comemorou a aprova\u00e7\u00e3o de dois projetos de lei enviados pelo Poder Executivo para a C\u00e2mara Municipal de Caruaru, e que foram aprovados na sess\u00e3o plen\u00e1ria desta quinta-feira (13). Um trata-se da redu\u00e7\u00e3o do Imposto sobre Transmiss\u00e3o Inter Vivos de Bens Im\u00f3veis e de Direitos a eles Relativos \u2013 ITBI, que foi um Anteprojeto de Lei enviado por Anderson no fim de 2022, que estabelece a redu\u00e7\u00e3o tempor\u00e1ria do imposto na Capital do Agreste a 1,5%.<\/span><\/p>\n<p style=\"text-align: justify;\">O outro projeto \u00e9 o que institui o Dia do ICIA \u2013 Instituto do C\u00e2ncer Infantil do Agreste, que ser\u00e1 comemorado anualmente, no dia 19 de setembro \u2013 dia do anivers\u00e1rio da institui\u00e7\u00e3o. Essa \u00e9 mais uma iniciativa do parlamentar para fortalecer este importante equipamento de sa\u00fade que ajuda, diariamente, diversas crian\u00e7as n\u00e3o s\u00f3 de Caruaru, mas de toda regi\u00e3o e at\u00e9 de fora de Pernambuco. Com a aprova\u00e7\u00e3o, ambos os projetos seguem para assinatura do aut\u00f3grafo do Poder Executivo para, ent\u00e3o, se tornar lei.<\/p>\n<p style=\"text-align: justify;\">\u201cS\u00e3o duas mat\u00e9rias importantes para nossa cidade. Uma traz benef\u00edcios para a popula\u00e7\u00e3o acerca do ITBI, que ter\u00e1 uma redu\u00e7\u00e3o tempor\u00e1roa a 1,5%, que vai ajudar a tirar das gavetas diversos contratos de inadimpl\u00eancia, ajudando tamb\u00e9m o Munic\u00edpio na arrecada\u00e7\u00e3o. O outro \u00e9 especial para mim, pela liga\u00e7\u00e3o que tenho com o ICIA, que merece todas as homenagens poss\u00edveis, pelo brilhante trabalho que faz no combate ao c\u00e2ncer infantil em toda regi\u00e3o. Minha gratid\u00e3o ao Poder Executivo e a esta Casa Legislativa pela aprova\u00e7\u00e3o dos nossos projetos, que agora se tornar\u00e3o lei\u201d, destacou Anderson. Foto: Divulga\u00e7\u00e3o.<\/p>\n<p style=\"text-align: justify;\">Siga o Instagram do Blog @blogdoedvaldomagalhaes<\/p>\n","protected":false},"excerpt":{"rendered":"<p>O vereador Anderson Correia (PP) comemorou a aprova\u00e7\u00e3o de dois projetos de lei enviados pelo Poder Executivo para a C\u00e2mara&hellip;<\/p>\n","protected":false},"author":1,"featured_media":95064,"comment_status":"closed","ping_status":"open","sticky":false,"template":"","format":"standard","meta":{"footnotes":""},"categories":[14122],"tags":[27260,2,19532,3406,20],"class_list":["post-95063","post","type-post","status-publish","format-standard","has-post-thumbnail","hentry","category-politica","tag-anderson-correia-comemora-projetos-de-sua-autoria-que-vao-se-tornar-lei-reducao-do-itbi-e-dia-do-icia","tag-blog-do-edvaldo-magalhaes","tag-blog-mais-acessado-e-visualizado-de-caruaru-e-regiao","tag-caruaru","tag-politica"],"_links":{"self":[{"href":"https:\/\/blogdoedvaldomagalhaes.com.br\/index.php\/wp-json\/wp\/v2\/posts\/95063","targetHints":{"allow":["GET"]}}],"collection":[{"href":"https:\/\/blogdoedvaldomagalhaes.com.br\/index.php\/wp-json\/wp\/v2\/posts"}],"about":[{"href":"https:\/\/blogdoedvaldomagalhaes.com.br\/index.php\/wp-json\/wp\/v2\/types\/post"}],"author":[{"embeddable":true,"href":"https:\/\/blogdoedvaldomagalhaes.com.br\/index.php\/wp-json\/wp\/v2\/users\/1"}],"replies":[{"embeddable":true,"href":"https:\/\/blogdoedvaldomagalhaes.com.br\/index.php\/wp-json\/wp\/v2\/comments?post=95063"}],"version-history":[{"count":1,"href":"https:\/\/blogdoedvaldomagalhaes.com.br\/index.php\/wp-json\/wp\/v2\/posts\/95063\/revisions"}],"predecessor-version":[{"id":95065,"href":"https:\/\/blogdoedvaldomagalhaes.com.br\/index.php\/wp-json\/wp\/v2\/posts\/95063\/revisions\/95065"}],"wp:featuredmedia":[{"embeddable":true,"href":"https:\/\/blogdoedvaldomagalhaes.com.br\/index.php\/wp-json\/wp\/v2\/media\/95064"}],"wp:attachment":[{"href":"https:\/\/blogdoedvaldomagalhaes.com.br\/index.php\/wp-json\/wp\/v2\/media?parent=95063"}],"wp:term":[{"taxonomy":"category","embeddable":true,"href":"https:\/\/blogdoedvaldomagalhaes.com.br\/index.php\/wp-json\/wp\/v2\/categories?post=95063"},{"taxonomy":"post_tag","embeddable":true,"href":"https:\/\/blogdoedvaldomagalhaes.com.br\/index.php\/wp-json\/wp\/v2\/tags?post=95063"}],"curies":[{"name":"wp","href":"https:\/\/api.w.org\/{rel}","templated":true}]}}