{"id":95056,"date":"2023-04-14T11:20:05","date_gmt":"2023-04-14T14:20:05","guid":{"rendered":"https:\/\/blogdoedvaldomagalhaes.com.br\/?p=95056"},"modified":"2023-04-14T11:20:06","modified_gmt":"2023-04-14T14:20:06","slug":"ex-detento-e-preso-com-carro-roubado-em-belo-jardim","status":"publish","type":"post","link":"https:\/\/blogdoedvaldomagalhaes.com.br\/index.php\/2023\/04\/14\/ex-detento-e-preso-com-carro-roubado-em-belo-jardim\/","title":{"rendered":"Ex-detento \u00e9 preso com carro roubado em Belo Jardim"},"content":{"rendered":"<p style=\"text-align: justify;\"><span style=\"color: initial; font-size: revert;\">Um homem que havia cumprido pena no sistema prisional foi detido com um carro roubado, nesta quinta-feira (13), na BR 232, em Belo Jardim, no Agreste de Pernambuco. O flagrante foi realizado pela Pol\u00edcia Rodovi\u00e1ria Federal (PRF) e 1\u2070 Batalh\u00e3o Integrado Especializado (BIEsp).<\/span><\/p>\n<p style=\"text-align: justify;\">Equipes da PRF e do Canil do 1\u2070 BIEsp realizavam uma fiscaliza\u00e7\u00e3o no Km 175 da rodovia, quando abordaram um carro com placas do Mercosul. Em consulta detalhada ao ve\u00edculo, foi descoberto um registro de roubo de 17 de novembro do ano passado no Recife.<\/p>\n<p style=\"text-align: justify;\">O motorista disse que havia adquirido o carro com um homem e que pagava as presta\u00e7\u00f5es mensais do ve\u00edculo. Ele informou tamb\u00e9m que cumpriu cinco anos por roubo, porte de arma e forma\u00e7\u00e3o de quadrilha.<\/p>\n<p style=\"text-align: justify;\">O motorista foi encaminhado \u00e0 Delegacia de Pol\u00edcia Civil de Belo Jardim e poder\u00e1 responder por recepta\u00e7\u00e3o.\u00a0<\/p>\n<p style=\"text-align: justify;\">Siga o Instagram do Blog @blogdoedvaldomagalhaes<\/p>\n\n\n<figure class=\"wp-block-image size-large\"><img loading=\"lazy\" decoding=\"async\" width=\"1024\" height=\"478\" src=\"https:\/\/blogdoedvaldomagalhaes.com.br\/wp-content\/uploads\/2023\/04\/IMG-20230414-WA0044-1024x478.jpg\" alt=\"\" class=\"wp-image-95057\" srcset=\"https:\/\/blogdoedvaldomagalhaes.com.br\/wp-content\/uploads\/2023\/04\/IMG-20230414-WA0044-1024x478.jpg 1024w, https:\/\/blogdoedvaldomagalhaes.com.br\/wp-content\/uploads\/2023\/04\/IMG-20230414-WA0044-300x140.jpg 300w, https:\/\/blogdoedvaldomagalhaes.com.br\/wp-content\/uploads\/2023\/04\/IMG-20230414-WA0044-768x358.jpg 768w, https:\/\/blogdoedvaldomagalhaes.com.br\/wp-content\/uploads\/2023\/04\/IMG-20230414-WA0044.jpg 1280w\" sizes=\"auto, (max-width: 1024px) 100vw, 1024px\" \/><figcaption class=\"wp-element-caption\">Fotos: Divulga\u00e7\u00e3o\/PMPE<\/figcaption><\/figure>\n","protected":false},"excerpt":{"rendered":"<p>Um homem que havia cumprido pena no sistema prisional foi detido com um carro roubado, nesta quinta-feira (13), na BR&hellip;<\/p>\n","protected":false},"author":1,"featured_media":95058,"comment_status":"closed","ping_status":"open","sticky":false,"template":"","format":"standard","meta":{"footnotes":""},"categories":[14121],"tags":[2,19532,3406,27258],"class_list":["post-95056","post","type-post","status-publish","format-standard","has-post-thumbnail","hentry","category-policial","tag-blog-do-edvaldo-magalhaes","tag-blog-mais-acessado-e-visualizado-de-caruaru-e-regiao","tag-caruaru","tag-ex-detento-e-preso-com-carro-roubado-em-belo-jardim"],"_links":{"self":[{"href":"https:\/\/blogdoedvaldomagalhaes.com.br\/index.php\/wp-json\/wp\/v2\/posts\/95056","targetHints":{"allow":["GET"]}}],"collection":[{"href":"https:\/\/blogdoedvaldomagalhaes.com.br\/index.php\/wp-json\/wp\/v2\/posts"}],"about":[{"href":"https:\/\/blogdoedvaldomagalhaes.com.br\/index.php\/wp-json\/wp\/v2\/types\/post"}],"author":[{"embeddable":true,"href":"https:\/\/blogdoedvaldomagalhaes.com.br\/index.php\/wp-json\/wp\/v2\/users\/1"}],"replies":[{"embeddable":true,"href":"https:\/\/blogdoedvaldomagalhaes.com.br\/index.php\/wp-json\/wp\/v2\/comments?post=95056"}],"version-history":[{"count":1,"href":"https:\/\/blogdoedvaldomagalhaes.com.br\/index.php\/wp-json\/wp\/v2\/posts\/95056\/revisions"}],"predecessor-version":[{"id":95059,"href":"https:\/\/blogdoedvaldomagalhaes.com.br\/index.php\/wp-json\/wp\/v2\/posts\/95056\/revisions\/95059"}],"wp:featuredmedia":[{"embeddable":true,"href":"https:\/\/blogdoedvaldomagalhaes.com.br\/index.php\/wp-json\/wp\/v2\/media\/95058"}],"wp:attachment":[{"href":"https:\/\/blogdoedvaldomagalhaes.com.br\/index.php\/wp-json\/wp\/v2\/media?parent=95056"}],"wp:term":[{"taxonomy":"category","embeddable":true,"href":"https:\/\/blogdoedvaldomagalhaes.com.br\/index.php\/wp-json\/wp\/v2\/categories?post=95056"},{"taxonomy":"post_tag","embeddable":true,"href":"https:\/\/blogdoedvaldomagalhaes.com.br\/index.php\/wp-json\/wp\/v2\/tags?post=95056"}],"curies":[{"name":"wp","href":"https:\/\/api.w.org\/{rel}","templated":true}]}}